{"id":98600,"date":"2025-12-06T12:13:18","date_gmt":"2025-12-06T12:13:18","guid":{"rendered":"https:\/\/www.europesays.com\/se\/98600\/"},"modified":"2025-12-06T12:13:18","modified_gmt":"2025-12-06T12:13:18","slug":"slappta-utan-rattegang-efter-18-ar-i-eritreanskt-fangelse","status":"publish","type":"post","link":"https:\/\/www.europesays.com\/se\/98600\/","title":{"rendered":"Sl\u00e4ppta utan r\u00e4tteg\u00e5ng efter 18 \u00e5r i eritreanskt f\u00e4ngelse"},"content":{"rendered":"<p>Uppgifterna kring de nu frisl\u00e4ppta f\u00e5ngarna kommer fr\u00e5n anh\u00f6riga som har intervjuats av den brittiska public servicekanalen. De ska ha suttit f\u00e4ngslade i det \u00f6k\u00e4nda Mai Serwa-f\u00e4ngelset, d\u00e4r m\u00e5nga av de intagna tros vara politiska f\u00e5ngar.<\/p>\n<p>De tretton personerna greps i oktober 2007 efter ett mordf\u00f6rs\u00f6k p\u00e5 \u00f6verste Simon Gebredingil, en h\u00f6gt uppsatt s\u00e4kerhetsofficer i president Isaias Afwerkis regering, skriver BBC. Initialt greps 30 personer. Vissa har sl\u00e4ppts under \u00e5rens lopp, vissa sitter fortfarande f\u00e4ngslade.<\/p>\n<p>Deras familjer har inte f\u00e5tt bes\u00f6ka dem under f\u00e4ngelsetiden. M\u00e5nga av dem uppges nu vara sjuka, vilket enligt BBC skulle kunna f\u00f6rklara varf\u00f6r de frisl\u00e4pps nu.<\/p>\n<p>Den eritreanska regeringen har inte officiellt uttalat sig om frigivningarna som allts\u00e5 omfattade Zeragaber Gebrehiwot som deltog i sommar-OS i Moskva 1980.<\/p>\n<p><strong>Mai Serwa-f\u00e4ngelset<\/strong>, som ligger cirka 9 kilometer nordv\u00e4st om huvudstaden Asmara, har under \u00e5ren ut\u00f6kats till att omfatta 20 metallcontainrar d\u00e4r f\u00e5ngarna h\u00e5lls isolerade, enligt k\u00e4llor som BBC har talat med.<\/p>\n<p>Bland dem som sl\u00e4pptes, vilket ska ha skett i torsdags, fanns \u00e4ven n\u00e5gra tidigare framst\u00e5ende aff\u00e4rsm\u00e4n, sex h\u00f6ga polistj\u00e4nstem\u00e4n och en s\u00e4kerhetsagent.<\/p>\n<p>FN och m\u00e4nniskor\u00e4ttsorganisationer har l\u00e4nge anklagat den eritreanska regeringen f\u00f6r grova brott mot de m\u00e4nskliga r\u00e4ttigheterna, inklusive tortyr, p\u00e5tvingade f\u00f6rsvinnanden och f\u00e4ngslande av tiotusentals m\u00e4nniskor under om\u00e4nskliga f\u00f6rh\u00e5llanden. Under de senaste tre decennierna har Eritrea f\u00f6rblivit en enpartistat utan fungerande konstitution. Det \u00e4r ett av v\u00e4rldens mest militariserade samh\u00e4llen, med obegr\u00e4nsad v\u00e4rnplikt.<\/p>\n","protected":false},"excerpt":{"rendered":"Uppgifterna kring de nu frisl\u00e4ppta f\u00e5ngarna kommer fr\u00e5n anh\u00f6riga som har intervjuats av den brittiska public servicekanalen. De&hellip;\n","protected":false},"author":2,"featured_media":24059,"comment_status":"","ping_status":"","sticky":false,"template":"","format":"standard","meta":{"footnotes":""},"categories":[14],"tags":[22,23,26,27,17,21,24,25,28,29,15,16,18,34,31,33,32,30,19,20,51,52,53,54],"class_list":{"0":"post-98600","1":"post","2":"type-post","3":"status-publish","4":"format-standard","5":"has-post-thumbnail","7":"category-varlden","8":"tag-breaking-news","9":"tag-breakingnews","10":"tag-featured-news","11":"tag-featurednews","12":"tag-headlines","13":"tag-huvudnyheter","14":"tag-latest-news","15":"tag-latestnews","16":"tag-main-news","17":"tag-mainnews","18":"tag-news","19":"tag-nyheter","20":"tag-rubriker","21":"tag-se","22":"tag-svenska","23":"tag-sverige","24":"tag-sweden","25":"tag-swedish","26":"tag-top-stories","27":"tag-topstories","28":"tag-varlden","29":"tag-world","30":"tag-world-news","31":"tag-worldnews"},"share_on_mastodon":{"url":"https:\/\/pubeurope.com\/@se\/115672567336555536","error":""},"_links":{"self":[{"href":"https:\/\/www.europesays.com\/se\/wp-json\/wp\/v2\/posts\/98600","targetHints":{"allow":["GET"]}}],"collection":[{"href":"https:\/\/www.europesays.com\/se\/wp-json\/wp\/v2\/posts"}],"about":[{"href":"https:\/\/www.europesays.com\/se\/wp-json\/wp\/v2\/types\/post"}],"author":[{"embeddable":true,"href":"https:\/\/www.europesays.com\/se\/wp-json\/wp\/v2\/users\/2"}],"replies":[{"embeddable":true,"href":"https:\/\/www.europesays.com\/se\/wp-json\/wp\/v2\/comments?post=98600"}],"version-history":[{"count":0,"href":"https:\/\/www.europesays.com\/se\/wp-json\/wp\/v2\/posts\/98600\/revisions"}],"wp:featuredmedia":[{"embeddable":true,"href":"https:\/\/www.europesays.com\/se\/wp-json\/wp\/v2\/media\/24059"}],"wp:attachment":[{"href":"https:\/\/www.europesays.com\/se\/wp-json\/wp\/v2\/media?parent=98600"}],"wp:term":[{"taxonomy":"category","embeddable":true,"href":"https:\/\/www.europesays.com\/se\/wp-json\/wp\/v2\/categories?post=98600"},{"taxonomy":"post_tag","embeddable":true,"href":"https:\/\/www.europesays.com\/se\/wp-json\/wp\/v2\/tags?post=98600"}],"curies":[{"name":"wp","href":"https:\/\/api.w.org\/{rel}","templated":true}]}}