{"id":98621,"date":"2025-12-06T12:47:11","date_gmt":"2025-12-06T12:47:11","guid":{"rendered":"https:\/\/www.europesays.com\/se\/98621\/"},"modified":"2025-12-06T12:47:11","modified_gmt":"2025-12-06T12:47:11","slug":"marinens-kamp-mot-ryska-ubatarnastan-varje-vecka","status":"publish","type":"post","link":"https:\/\/www.europesays.com\/se\/98621\/","title":{"rendered":"Marinens kamp mot ryska ub\u00e5tar:\n\u201dN\u00e4stan varje vecka\u201d"},"content":{"rendered":"<p>Publicerad 6 dec 2025 kl 08.49Uppdaterad kl 11.57<\/p>\n<p>\u201dN\u00e4stan varje vecka\u201d st\u00f6ter svenska marinen p\u00e5 ryska ub\u00e5tar i \u00d6stersj\u00f6n.<\/p>\n<p>Och fler kan det bli, s\u00e4ger Marko Petkovic kommend\u00f6rkapten i svenska flottan till <a href=\"https:\/\/www.theguardian.com\/world\/2025\/dec\/06\/swedish-navy-chief-russia-baltic-presence-ukraine-peace\" rel=\"nofollow noopener\" target=\"_blank\">The Guardian<\/a>.<\/p>\n<p>\u2013 Vi bed\u00f6mer att Ryssland kommer att f\u00f6rst\u00e4rka sina kapaciteter i den h\u00e4r regionen.<\/p>\n<p><img   alt=\"\"\/> <\/p>\n<p>Foto: F\u00f6rsvarsmakten<\/p>\n<p>\u00d6ppna bild i helsk\u00e4rm<img loading=\"lazy\"   alt=\"\"\/><\/p>\n<p>En ub\u00e5t i Ryssland.<\/p>\n<p>Foto: TASS \/ TT NYHETSBYR\u00c5N<\/p>\n<p>\u00d6ppna bild i helsk\u00e4rm<img loading=\"lazy\"   alt=\"\"\/><\/p>\n<p>Ryska ub\u00e5ten Omsk, som \u00e4r en del av ryska arktiska flottan.<\/p>\n<p>Foto: RUSSIAN DEFENCE MINISTRY PRESS SERVICE \/ EPA TT NYHETSBYR\u00c5N<\/p>\n<p>\u00d6ppna bild i helsk\u00e4rm<\/p>\n<p>Ryssland producerar omkring en ny ub\u00e5t i Kilo-klass per \u00e5r p\u00e5 varven i Sankt Petersburg och i Kaliningrad, s\u00e4ger svenska flottans operationschef, kommend\u00f6rkapten Marko Petkovic till Guardian.<\/p>\n<p>Redan nu st\u00f6ter flottans fartyg p\u00e5 ryska ub\u00e5tar \u201dn\u00e4stan varje vecka\u201d i \u00d6stersj\u00f6n.<\/p>\n<p>\u2013 N\u00e4r ett eld upph\u00f6r eller en vapenvila v\u00e4l \u00e4r p\u00e5 plats i Ukraina kan man bara bed\u00f6ma \u2013 och vi bed\u00f6mer \u2013 att Ryssland kommer att f\u00f6rst\u00e4rka sina kapaciteter i den h\u00e4r regionen, s\u00e4ger Petkovic.<\/p>\n<p>F\u00f6r att m\u00f6ta det ryska hotet beh\u00f6ver svenska flottan forts\u00e4tta v\u00e4xa, menar han.<\/p>\n<p>Undervattensmilj\u00f6n i \u00d6stersj\u00f6n \u00e4r utmanande. Med sina m\u00e5nga olika salt- och temperaturskikt och sin kuperade terr\u00e4ng l\u00e4mpar den sig v\u00e4l f\u00f6r farkoster som inte vill bli uppt\u00e4ckta.<\/p>\n<p>Men milj\u00f6n g\u00f6r ocks\u00e5 infrastruktur p\u00e5 havsbotten s\u00e4rskilt s\u00e5rbar f\u00f6r sabotage, s\u00e4ger Petkovic.<\/p>\n<p>Nato-operationens framg\u00e5ng<\/p>\n<p>Som svar p\u00e5 de m\u00e5nga kabelbrotten i \u00d6stersj\u00f6n som skedde i k\u00f6lvattnet av Rysslands krig mot Ukraina, sj\u00f6satte Nato i januari i \u00e5r operationen Baltic sentry.<\/p>\n<p>Syftet var att f\u00f6rst\u00e4rka \u00f6vervakningen och avskr\u00e4cka \u201den statlig eller icke-statlig akt\u00f6r fr\u00e5n att sabotera kritisk undervattensinfrastruktur i \u00d6stersj\u00f6n\u201d, enligt flottan.<\/p>\n<p>Sedan dess har det inte varit n\u00e5gra kabelincidenter som kopplats till aktivt sabotage.<\/p>\n<p>\u2013 F\u00f6r det f\u00f6rsta visar det att alliansen fungerar, sammanh\u00e5llningen. Och vi sluter leden mot ett specifikt hot. Baltic sentry har bevisat det. Oavsett om incidenterna varit statssponsrade, d\u00e5lig sj\u00f6manskap eller n\u00e5got d\u00e4remellan, har det \u00f6kat medvetenheten bland handelsflottan om att man b\u00f6r vara lite mer f\u00f6rsiktig n\u00e4r man f\u00e4rdas i v\u00e5ra vatten, s\u00e4ger Petkovic till Guardian.<\/p>\n","protected":false},"excerpt":{"rendered":"Publicerad 6 dec 2025 kl 08.49Uppdaterad kl 11.57 \u201dN\u00e4stan varje vecka\u201d st\u00f6ter svenska marinen p\u00e5 ryska ub\u00e5tar i&hellip;\n","protected":false},"author":2,"featured_media":98622,"comment_status":"","ping_status":"","sticky":false,"template":"","format":"standard","meta":{"footnotes":""},"categories":[12],"tags":[22,23,26,27,17,21,24,25,28,29,15,16,18,34,154,31,33,32,30,19,20],"class_list":{"0":"post-98621","1":"post","2":"type-post","3":"status-publish","4":"format-standard","5":"has-post-thumbnail","7":"category-sverige","8":"tag-breaking-news","9":"tag-breakingnews","10":"tag-featured-news","11":"tag-featurednews","12":"tag-headlines","13":"tag-huvudnyheter","14":"tag-latest-news","15":"tag-latestnews","16":"tag-main-news","17":"tag-mainnews","18":"tag-news","19":"tag-nyheter","20":"tag-rubriker","21":"tag-se","22":"tag-sections-sverige","23":"tag-svenska","24":"tag-sverige","25":"tag-sweden","26":"tag-swedish","27":"tag-top-stories","28":"tag-topstories"},"share_on_mastodon":{"url":"https:\/\/pubeurope.com\/@se\/115672701036169266","error":""},"_links":{"self":[{"href":"https:\/\/www.europesays.com\/se\/wp-json\/wp\/v2\/posts\/98621","targetHints":{"allow":["GET"]}}],"collection":[{"href":"https:\/\/www.europesays.com\/se\/wp-json\/wp\/v2\/posts"}],"about":[{"href":"https:\/\/www.europesays.com\/se\/wp-json\/wp\/v2\/types\/post"}],"author":[{"embeddable":true,"href":"https:\/\/www.europesays.com\/se\/wp-json\/wp\/v2\/users\/2"}],"replies":[{"embeddable":true,"href":"https:\/\/www.europesays.com\/se\/wp-json\/wp\/v2\/comments?post=98621"}],"version-history":[{"count":0,"href":"https:\/\/www.europesays.com\/se\/wp-json\/wp\/v2\/posts\/98621\/revisions"}],"wp:featuredmedia":[{"embeddable":true,"href":"https:\/\/www.europesays.com\/se\/wp-json\/wp\/v2\/media\/98622"}],"wp:attachment":[{"href":"https:\/\/www.europesays.com\/se\/wp-json\/wp\/v2\/media?parent=98621"}],"wp:term":[{"taxonomy":"category","embeddable":true,"href":"https:\/\/www.europesays.com\/se\/wp-json\/wp\/v2\/categories?post=98621"},{"taxonomy":"post_tag","embeddable":true,"href":"https:\/\/www.europesays.com\/se\/wp-json\/wp\/v2\/tags?post=98621"}],"curies":[{"name":"wp","href":"https:\/\/api.w.org\/{rel}","templated":true}]}}