{"id":98625,"date":"2025-12-06T12:51:11","date_gmt":"2025-12-06T12:51:11","guid":{"rendered":"https:\/\/www.europesays.com\/se\/98625\/"},"modified":"2025-12-06T12:51:11","modified_gmt":"2025-12-06T12:51:11","slug":"nytt-vita-huset-han-efter-carpenters-ilska","status":"publish","type":"post","link":"https:\/\/www.europesays.com\/se\/98625\/","title":{"rendered":"Nytt Vita huset-h\u00e5n efter Carpenters ilska"},"content":{"rendered":"<p class=\"boxtextgrotesk-root_baa6 hyperion-css-7pajle\">Uppdaterad 12.23 | Publicerad 10.56<\/p>\n<p>share-arrowDela<\/p>\n<p>unsaveSpara<\/p>\n<p>expand-left<\/p>\n<p>helsk\u00e4rm<img decoding=\"async\" class=\"image-asset hyperion-css-u06ts1\" data-test-tag=\"image-asset\" src=\"https:\/\/www.europesays.com\/se\/wp-content\/uploads\/2025\/12\/c860e1e4-4baa-44b2-b331-b602d987748d\"  alt=\"Sabrina Carpenter. \"  loading=\"eager\" fetchpriority=\"high\" style=\"aspect-ratio:1900 \/ 1267\"\/>Sabrina Carpenter. Foto: Charles Sykes \/ AP<\/p>\n<p class=\"hyperion-css-1shl3oz\" data-test-tag=\"lead-text\">Ondskefullt och \u00e4ckligt, sade Sabrina Carpenter om att Vita huset anv\u00e4nde hennes musik i en video som h\u00e5nade invandrare.<\/p>\n<p class=\"hyperion-css-1shl3oz\" data-test-tag=\"lead-text\">Nu har den i tysthet plockats ner \u2013 och ersatts av en annan, rapporterar USA Today.<\/p>\n<p class=\"hyperion-css-1v9qo5x\">Videon visade klipp d\u00e4r m\u00e4nniskor jagas och grips av migrationsmyndigheten ICE till tonerna av Sabrina Carpenters l\u00e5t \u201dJuno\u201d.<\/p>\n<p class=\"hyperion-css-1v9qo5x\">\u201dDen h\u00e4r videon \u00e4r ondskefull och \u00e4cklig. Anv\u00e4nd aldrig mig eller min musik f\u00f6r att gynna er inhumana agenda\u201d, skrev Carpenter p\u00e5 X tidigare i veckan.<\/p>\n<p class=\"hyperion-css-1v9qo5x\">Vita huset svarade h\u00e5nfullt med referenser till en annan av popstj\u00e4rnans l\u00e5tar att man inte t\u00e4nker be om urs\u00e4kt f\u00f6r deporteringarna. Men p\u00e5 fredagen plockades klippet i tysthet ner fr\u00e5n sociala medier.<\/p>\n<p class=\"hyperion-css-1v9qo5x\">Samma dag publicerade Vita huset en ny video med Carpenter d\u00e4r hon i ett klipp fr\u00e5n humorprogrammet \u201dSaturday night live\u201d s\u00e4ger att hon ska gripa sin motspelare f\u00f6r att han \u00e4r s\u00e5 attraktiv \u2013 men d\u00e4r ordet \u201dattraktiv\u201d bytts ut mot \u201dillegal\u201d.<\/p>\n<p class=\"hyperion-css-1v9qo5x\">Amerikanska myndigheter har retat upp flera k\u00e4nda artister genom att anv\u00e4nda deras skapelser f\u00f6r kontroversiella videor i sociala medier utan tillst\u00e5nd.<\/p>\n<p class=\"hyperion-css-1v9qo5x\">S\u00e5 sent som p\u00e5 fredagen kr\u00e4vde filmbolaget Zentropa att Trumpadministrationen tar bort ett klipp med danske Mads Mikkelsen som anv\u00e4nds f\u00f6r att hota personer utan uppeh\u00e5llstillst\u00e5nd.<\/p>\n","protected":false},"excerpt":{"rendered":"Uppdaterad 12.23 | Publicerad 10.56 share-arrowDela unsaveSpara expand-left helsk\u00e4rmSabrina Carpenter. Foto: Charles Sykes \/ AP Ondskefullt och \u00e4ckligt,&hellip;\n","protected":false},"author":2,"featured_media":98626,"comment_status":"","ping_status":"","sticky":false,"template":"","format":"standard","meta":{"footnotes":""},"categories":[67],"tags":[104,34,31,33,32,30,105],"class_list":{"0":"post-98625","1":"post","2":"type-post","3":"status-publish","4":"format-standard","5":"has-post-thumbnail","7":"category-underhallning","8":"tag-entertainment","9":"tag-se","10":"tag-svenska","11":"tag-sverige","12":"tag-sweden","13":"tag-swedish","14":"tag-underhallning"},"share_on_mastodon":{"url":"https:\/\/pubeurope.com\/@se\/115672716789335317","error":""},"_links":{"self":[{"href":"https:\/\/www.europesays.com\/se\/wp-json\/wp\/v2\/posts\/98625","targetHints":{"allow":["GET"]}}],"collection":[{"href":"https:\/\/www.europesays.com\/se\/wp-json\/wp\/v2\/posts"}],"about":[{"href":"https:\/\/www.europesays.com\/se\/wp-json\/wp\/v2\/types\/post"}],"author":[{"embeddable":true,"href":"https:\/\/www.europesays.com\/se\/wp-json\/wp\/v2\/users\/2"}],"replies":[{"embeddable":true,"href":"https:\/\/www.europesays.com\/se\/wp-json\/wp\/v2\/comments?post=98625"}],"version-history":[{"count":0,"href":"https:\/\/www.europesays.com\/se\/wp-json\/wp\/v2\/posts\/98625\/revisions"}],"wp:featuredmedia":[{"embeddable":true,"href":"https:\/\/www.europesays.com\/se\/wp-json\/wp\/v2\/media\/98626"}],"wp:attachment":[{"href":"https:\/\/www.europesays.com\/se\/wp-json\/wp\/v2\/media?parent=98625"}],"wp:term":[{"taxonomy":"category","embeddable":true,"href":"https:\/\/www.europesays.com\/se\/wp-json\/wp\/v2\/categories?post=98625"},{"taxonomy":"post_tag","embeddable":true,"href":"https:\/\/www.europesays.com\/se\/wp-json\/wp\/v2\/tags?post=98625"}],"curies":[{"name":"wp","href":"https:\/\/api.w.org\/{rel}","templated":true}]}}