{"id":98629,"date":"2025-12-06T13:05:22","date_gmt":"2025-12-06T13:05:22","guid":{"rendered":"https:\/\/www.europesays.com\/se\/98629\/"},"modified":"2025-12-06T13:05:22","modified_gmt":"2025-12-06T13:05:22","slug":"har-ar-nattens-nyheter-nlt","status":"publish","type":"post","link":"https:\/\/www.europesays.com\/se\/98629\/","title":{"rendered":"H\u00e4r \u00e4r nattens nyheter &#8211; NLT"},"content":{"rendered":"<ol>\n<li><a href=\"https:\/\/news.google.com\/rss\/articles\/CBMia0FVX3lxTE1jcV91M1pUelFmVTdZdE16RUJUZzZqLVFLVnhGVTBzWHZPRjRJX1BZbmdUWEZJY1FGUllidGFyb1QxbEt6c1NNNDBWNGQxcklBUjFVY0NsQ2E0VFJxRHd5QUZJOEdSeVJBNm13?oc=5\" target=\"_blank\" rel=\"nofollow noopener\">H\u00e4r \u00e4r nattens nyheter<\/a>&nbsp;&nbsp;NLT<\/li>\n<li><a href=\"https:\/\/news.google.com\/rss\/articles\/CBMidEFVX3lxTFBJRXJoTDZscDRsUWxXNEllRXdjZldRbGdKSTQ1REF4R1cxWk1IWFVFb19Tek16cVRoNlNYZi1DZmNxMUxfV1hDZmNqR29KdVBXUGwyWXBXSWxfZERIR0ZkcXlTX2txbnd4emItT1BOejRPempO?oc=5\" target=\"_blank\" rel=\"nofollow noopener\">Tre skotrar genom isen i Jukkasj\u00e4rvi \u2013 en person till sjukhus<\/a>&nbsp;&nbsp;Aftonbladet<\/li>\n<li><a href=\"https:\/\/news.google.com\/rss\/articles\/CBMimwFBVV95cUxOMjh5TGp3WmZtNmh1QVBlTm9nZTB0YTB2NWhTOGZqSUp4S2hBclBJeHF3SGRuV2R4SlJ3UktzWTRQcE5iaU5QcXhzTWx3YUppUjJVZ3hyeXZUOEZpeFctOENCOEtZcUdMaWxJTGEyX3l6N0szbDFJOVgzVFJZWWJnOXpDSlpPdERQSGJnQWl1Skt1cmV1bFY4Z2NBYw?oc=5\" target=\"_blank\" rel=\"nofollow noopener\">Tre skotrar genom isen \u2013 flera personer till sjukhus &#8211; P4 Norrbotten<\/a>&nbsp;&nbsp;Sveriges Radio<\/li>\n<li><a href=\"https:\/\/news.google.com\/rss\/articles\/CBMinwFBVV95cUxQMlhqd2R2RGRQSURqbjBPWFVBdm8tdHNXdGpGdDZjX092UUNTUEZVMUY2U2Z3TDNIX2ttcm9IVFU3d1d1aDdaOUs0RzByZTI0VTNPbFJsQUViVVNpemlvbndfbm5IT19SclpBTkRRZ21qVE53QjJ1WC0wNWZRVF9hOTBsTkl5QmNKRjRPYzdYdHAzcGIwN1VWdE5nNHd6dGs?oc=5\" target=\"_blank\" rel=\"nofollow noopener\">Tre skotrar genom isen \u2013 \u00e5tta personer i vattnet<\/a>&nbsp;&nbsp;NSD<\/li>\n<li><a href=\"https:\/\/news.google.com\/rss\/articles\/CBMioAFBVV95cUxNTDR1U29XME05Nm5aOWw4T3VVRG4zOE1Mdi1GeFRRaDFvY0lOR1FlU3N4TWJIMC1Td3NsV2tWS0ZkVFRiWTZHYjBHcWtERGtkNEVjWnlSVWhRRVExVzZQQ1NjMllrSFdpMC0xcWVxd0IzejhDVFhybVlXYVhQTndtbmt3V3B3NnRPSDlRMzBpVEtFUjBRRGF2c2VVSXdfRVRp?oc=5\" target=\"_blank\" rel=\"nofollow noopener\">Skotrar har g\u00e5tt genom isen utanf\u00f6r Jukkasj\u00e4rvi<\/a>&nbsp;&nbsp;TV4 Nyheterna<\/li>\n<\/ol>\n","protected":false},"excerpt":{"rendered":"H\u00e4r \u00e4r nattens nyheter&nbsp;&nbsp;NLT Tre skotrar genom isen i Jukkasj\u00e4rvi \u2013 en person till sjukhus&nbsp;&nbsp;Aftonbladet Tre skotrar genom&hellip;\n","protected":false},"author":2,"featured_media":98630,"comment_status":"","ping_status":"","sticky":false,"template":"","format":"standard","meta":{"footnotes":""},"categories":[5],"tags":[22,23,26,27,17,21,24,25,28,29,15,16,18,34,31,33,32,30,19,20],"class_list":{"0":"post-98629","1":"post","2":"type-post","3":"status-publish","4":"format-standard","5":"has-post-thumbnail","7":"category-rubriker","8":"tag-breaking-news","9":"tag-breakingnews","10":"tag-featured-news","11":"tag-featurednews","12":"tag-headlines","13":"tag-huvudnyheter","14":"tag-latest-news","15":"tag-latestnews","16":"tag-main-news","17":"tag-mainnews","18":"tag-news","19":"tag-nyheter","20":"tag-rubriker","21":"tag-se","22":"tag-svenska","23":"tag-sverige","24":"tag-sweden","25":"tag-swedish","26":"tag-top-stories","27":"tag-topstories"},"share_on_mastodon":{"url":"https:\/\/pubeurope.com\/@se\/115672771678048569","error":""},"_links":{"self":[{"href":"https:\/\/www.europesays.com\/se\/wp-json\/wp\/v2\/posts\/98629","targetHints":{"allow":["GET"]}}],"collection":[{"href":"https:\/\/www.europesays.com\/se\/wp-json\/wp\/v2\/posts"}],"about":[{"href":"https:\/\/www.europesays.com\/se\/wp-json\/wp\/v2\/types\/post"}],"author":[{"embeddable":true,"href":"https:\/\/www.europesays.com\/se\/wp-json\/wp\/v2\/users\/2"}],"replies":[{"embeddable":true,"href":"https:\/\/www.europesays.com\/se\/wp-json\/wp\/v2\/comments?post=98629"}],"version-history":[{"count":0,"href":"https:\/\/www.europesays.com\/se\/wp-json\/wp\/v2\/posts\/98629\/revisions"}],"wp:featuredmedia":[{"embeddable":true,"href":"https:\/\/www.europesays.com\/se\/wp-json\/wp\/v2\/media\/98630"}],"wp:attachment":[{"href":"https:\/\/www.europesays.com\/se\/wp-json\/wp\/v2\/media?parent=98629"}],"wp:term":[{"taxonomy":"category","embeddable":true,"href":"https:\/\/www.europesays.com\/se\/wp-json\/wp\/v2\/categories?post=98629"},{"taxonomy":"post_tag","embeddable":true,"href":"https:\/\/www.europesays.com\/se\/wp-json\/wp\/v2\/tags?post=98629"}],"curies":[{"name":"wp","href":"https:\/\/api.w.org\/{rel}","templated":true}]}}