{"id":98837,"date":"2025-12-06T20:04:25","date_gmt":"2025-12-06T20:04:25","guid":{"rendered":"https:\/\/www.europesays.com\/se\/98837\/"},"modified":"2025-12-06T20:04:25","modified_gmt":"2025-12-06T20:04:25","slug":"fas-tva-i-gazafreden-kommer-till-jul","status":"publish","type":"post","link":"https:\/\/www.europesays.com\/se\/98837\/","title":{"rendered":"Fas tv\u00e5 i Gazafreden kommer till jul"},"content":{"rendered":"<p class=\"boxtextgrotesk-root_baa6 hyperion-css-7pajle\">Publicerad 2025-12-05 08.39<\/p>\n<p>share-arrowDela<\/p>\n<p>unsaveSpara<\/p>\n<p>chevron-leftf\u00f6reg\u00e5ende<\/p>\n<ul class=\"carousel-container-viewport\" style=\"transform:translate3d(0%, 0, 0)\">\n<li class=\"carousel-slide\" style=\"z-index:1;filter:none(1);padding-bottom:66.68421%\"><img decoding=\"async\" class=\"image-asset hyperion-css-u06ts1\" data-test-tag=\"image-asset\" src=\"https:\/\/www.europesays.com\/se\/wp-content\/uploads\/2025\/12\/afc62575-259c-4ec4-bf5b-0fdf0012035a\"  alt=\"\"  fetchpriority=\"auto\" style=\"aspect-ratio:1900 \/ 1267\"\/><\/li>\n<li class=\"carousel-slide\" style=\"filter:none(0.3);padding-bottom:66.68421%\"><img decoding=\"async\" class=\"image-asset hyperion-css-u06ts1\" data-test-tag=\"image-asset\" src=\"https:\/\/www.europesays.com\/se\/wp-content\/uploads\/2025\/12\/951776d7-ae9f-47d7-b8ff-00b7bd9906d3\"  alt=\"\"  fetchpriority=\"auto\" style=\"aspect-ratio:1900 \/ 1267\"\/><\/li>\n<\/ul>\n<p>expand-left<\/p>\n<p>helsk\u00e4rmchevron-rightn\u00e4staEn minnesplats f\u00f6r Ran Gvili, den sista kvarvarande gisslan vars kvarlevor inte \u00e5terl\u00e4mnats fr\u00e5n Gazaremsan. Bild tagen i kibbutzen Alumim i torsdags.<\/p>\n<p>1 \/ 2Foto: Ohad Zwigenberg\/AP\/TT<\/p>\n<p class=\"hyperion-css-1shl3oz\" data-test-tag=\"lead-text\">Med n\u00e4stan alla kvarlevor \u00e5terl\u00e4mnade \u00f6kar nu f\u00f6rv\u00e4ntningarna p\u00e5 n\u00e4sta fas i fredsplanen f\u00f6r Gaza. F\u00f6re jul vill president Trump presentera n\u00e4sta steg, med en plan f\u00f6r hur Gazaremsan ska styras, enligt k\u00e4llor.<\/p>\n<p class=\"hyperion-css-1v9qo5x\">Det \u00e4r nyhetssajten Axios som f\u00e5tt detaljerade uppgifter fr\u00e5n insatta k\u00e4llor i b\u00e5de USA och andra v\u00e4stl\u00e4nder, om att fredsprocessen snart ska kunna g\u00e5 in i fas tv\u00e5.<\/p>\n<p class=\"hyperion-css-1v9qo5x\">Uppgifterna kommer sedan Israel i onsdags f\u00e5tt tillbaka kvarlevorna av Sudthisak Rinthalak, den n\u00e4st sista personen av de saknade efter masskidnappningarna d\u00e5 palestinska extremistgrupper startade kriget 2023.<\/p>\n<p class=\"hyperion-css-1v9qo5x\">Att utbyta alla kvarlevor har varit den kanske st\u00f6rsta punkten i fas ett av fredsplanen fr\u00e5n i oktober, s\u00e5 d\u00e4rf\u00f6r vill Donald Trump nu g\u00e5 vidare, enligt k\u00e4llorna.<\/p>\n<p class=\"hyperion-css-1v9qo5x\">I nul\u00e4get har israeliska styrkor retirerat fr\u00e5n cirka halva Gazaremsan, och fas tv\u00e5 inneb\u00e4r att de backar ytterligare. En ny internationell styrka, ISF, ska g\u00e5 in i st\u00e4llet.<\/p>\n<p class=\"hyperion-css-1v9qo5x\">Och strukturen f\u00f6r Gazas politiska styre ska uppr\u00e4ttas. Det ska ledas av Trump sj\u00e4lv, som ordf\u00f6rande f\u00f6r en \u201dfredsstyrelse\u201d. Under den ska det finnas en \u201dinternationell styrelse\u201d med bland andra brittiske Tony Blair, och under den en teknokratisk palestinsk regering.<\/p>\n<p class=\"hyperion-css-1v9qo5x\">\u2013 Vi siktar p\u00e5 att presentera detta innan alla g\u00e5r p\u00e5 jullov, s\u00e4ger en k\u00e4lla till Axios.<\/p>\n<p>FAKTAN\u00e4sta fas i Gaza<\/p>\n<p class=\"hyperion-css-jonaf8\">Enligt fredsplanen ska ett nytt \u00f6verg\u00e5ngsstyre ta \u00f6ver Gazaremsan. Styret best\u00e5r av flera skikt.<\/p>\n<p class=\"hyperion-css-jonaf8\">+ \u00d6verst sitter en \u201dfredsstyrelse\u201d, best\u00e5ende av USA:s president och flera andra stats- och regeringschefer.<\/p>\n<p class=\"hyperion-css-jonaf8\">+ Under den, och mer inblandad i dagliga fr\u00e5gor, ska en \u201dinternationell verkst\u00e4llande styrelse\u201d finnas. I den ska bland andra Storbritanniens tidigare premi\u00e4rminister Tony Blair, samt Trumps r\u00e5dgivare Jared Kushner och Steve Witkoff, sitta.<\/p>\n<p class=\"hyperion-css-jonaf8\">+ Det tredje skiktet blir en palestinsk teknokratregering, allts\u00e5 personer som v\u00e4ljs baserade p\u00e5 deras sakkunskaper snarare \u00e4n politik. De ska vara erfarna, men samtidigt inte ha band till n\u00e5gra palestinska politiska grupper, vilket g\u00f6r urvalet sv\u00e5rt. Enligt Axios b\u00f6rjade man med en lista p\u00e5 25 namn, men ungef\u00e4r h\u00e4lften av dem har strukits.<\/p>\n<p>L\u00e4s mer<\/p>\n","protected":false},"excerpt":{"rendered":"Publicerad 2025-12-05 08.39 share-arrowDela unsaveSpara chevron-leftf\u00f6reg\u00e5ende expand-left helsk\u00e4rmchevron-rightn\u00e4staEn minnesplats f\u00f6r Ran Gvili, den sista kvarvarande gisslan vars kvarlevor&hellip;\n","protected":false},"author":2,"featured_media":98838,"comment_status":"","ping_status":"","sticky":false,"template":"","format":"standard","meta":{"footnotes":""},"categories":[14],"tags":[22,23,26,27,17,21,24,25,28,29,15,16,18,34,31,33,32,30,19,20,51,52,53,54],"class_list":{"0":"post-98837","1":"post","2":"type-post","3":"status-publish","4":"format-standard","5":"has-post-thumbnail","7":"category-varlden","8":"tag-breaking-news","9":"tag-breakingnews","10":"tag-featured-news","11":"tag-featurednews","12":"tag-headlines","13":"tag-huvudnyheter","14":"tag-latest-news","15":"tag-latestnews","16":"tag-main-news","17":"tag-mainnews","18":"tag-news","19":"tag-nyheter","20":"tag-rubriker","21":"tag-se","22":"tag-svenska","23":"tag-sverige","24":"tag-sweden","25":"tag-swedish","26":"tag-top-stories","27":"tag-topstories","28":"tag-varlden","29":"tag-world","30":"tag-world-news","31":"tag-worldnews"},"share_on_mastodon":{"url":"https:\/\/pubeurope.com\/@se\/115674419423509713","error":""},"_links":{"self":[{"href":"https:\/\/www.europesays.com\/se\/wp-json\/wp\/v2\/posts\/98837","targetHints":{"allow":["GET"]}}],"collection":[{"href":"https:\/\/www.europesays.com\/se\/wp-json\/wp\/v2\/posts"}],"about":[{"href":"https:\/\/www.europesays.com\/se\/wp-json\/wp\/v2\/types\/post"}],"author":[{"embeddable":true,"href":"https:\/\/www.europesays.com\/se\/wp-json\/wp\/v2\/users\/2"}],"replies":[{"embeddable":true,"href":"https:\/\/www.europesays.com\/se\/wp-json\/wp\/v2\/comments?post=98837"}],"version-history":[{"count":0,"href":"https:\/\/www.europesays.com\/se\/wp-json\/wp\/v2\/posts\/98837\/revisions"}],"wp:featuredmedia":[{"embeddable":true,"href":"https:\/\/www.europesays.com\/se\/wp-json\/wp\/v2\/media\/98838"}],"wp:attachment":[{"href":"https:\/\/www.europesays.com\/se\/wp-json\/wp\/v2\/media?parent=98837"}],"wp:term":[{"taxonomy":"category","embeddable":true,"href":"https:\/\/www.europesays.com\/se\/wp-json\/wp\/v2\/categories?post=98837"},{"taxonomy":"post_tag","embeddable":true,"href":"https:\/\/www.europesays.com\/se\/wp-json\/wp\/v2\/tags?post=98837"}],"curies":[{"name":"wp","href":"https:\/\/api.w.org\/{rel}","templated":true}]}}