{"id":98843,"date":"2025-12-06T20:12:21","date_gmt":"2025-12-06T20:12:21","guid":{"rendered":"https:\/\/www.europesays.com\/se\/98843\/"},"modified":"2025-12-06T20:12:21","modified_gmt":"2025-12-06T20:12:21","slug":"kraftig-storm-pa-vag-mot-sverige-kan-sla-till-pa-mandag","status":"publish","type":"post","link":"https:\/\/www.europesays.com\/se\/98843\/","title":{"rendered":"Kraftig storm p\u00e5 v\u00e4g mot Sverige \u2013 kan sl\u00e5 till p\u00e5 m\u00e5ndag"},"content":{"rendered":"<p>Swedbank larmar: 55-\u00e5ringar kan tvingas g\u00e5 i pension<\/p>\n<p><strong><b>Tidigare i h\u00f6stas varnade f\u00f6rs\u00e4kringsbolaget S\u00e4kra f\u00f6r att m\u00e5nga medel\u00e5lders svenskar kan tvinga till ofrivillig pension.<\/b><\/strong><\/p>\n<p>Bakgrunden var d\u00e5 nedg\u00e5ngen i ekonomin som slagit h\u00e5rt mot arbetsmarknaden och med en arbetsl\u00f6shet p\u00e5 8,4 procent i augusti.<\/p>\n<p>S\u00e4rskilt h\u00f6g har den varit f\u00f6r personer i \u00e5ldrarna 55-64 \u00e5r.<\/p>\n<p>\u2013 F\u00f6r m\u00e5nga blir pensionen d\u00e5 den enda utv\u00e4gen f\u00f6r att klara sig ekonomiskt, vilket kan inneb\u00e4ra f\u00f6rlorade tusentals kronor varje m\u00e5nad \u2013 b\u00e5de i pension och i l\u00f6n under tiden man \u00e4r arbetsl\u00f6s och som pension\u00e4r, sade Trifa Chireh, pensionsekonom p\u00e5 S\u00e4kra, vid tillf\u00e4llet.<\/p>\n<p><b>Swedbank g\u00f6r samma analys<\/b><\/p>\n<p>Nu drar Swedbank en snarlik slutsats efter en ny rapport som publiceras p\u00e5 torsdagen.<\/p>\n<p>I rapporten framg\u00e5r att 75 procent av de som \u00e4r 55 \u00e5r eller \u00e4ldre upplever att det finns \u201chinder i v\u00e4gen om de skulle vilja byta jobb\u201d.<\/p>\n<p>Det handlar i synnerhet om att arbetsgivare inte vill ta in folk som n\u00e4rmar sig pensions\u00e5ldern.<\/p>\n<p>Samma rapport anger att \u00f6ver h\u00e4lften av gruppen mellan 55 och 65 \u00e5r kommer att g\u00e5 i pension f\u00f6re sin egentliga pensions\u00e5lder, inte minst p\u00e5 grund av att orken tar slut.<\/p>\n<p>Och det riskerar att bli dyrt, konstaterar storbanken.<\/p>\n<p>\u2013 Det beh\u00f6vs b\u00e4ttre m\u00f6jligheter att byta jobb senare i livet s\u00e5 att \u00e4ven de med kr\u00e4vande arbeten f\u00e5r m\u00f6jlighet att st\u00e4lla om, och jobba ihop till en rimlig pension. I vanliga yrken med genomsnittliga l\u00f6ner kan det handla om 3 000-5 000 kronor l\u00e4gre pension f\u00f6re skatt varje m\u00e5nad om man g\u00e5r i pension tv\u00e5 \u00e5r i f\u00f6rtid, s\u00e4ger Madel\u00e9n Falkenh\u00e4ll, ekonom f\u00f6r finansiell h\u00e4lsa p\u00e5 Swedbank, i en kommentar.<\/p>\n<p>L\u00c4S MER: <a style=\"color: #0000ff;\" href=\"https:\/\/ekonomibladet.se\/27-procent-swedbank-bekraftar-stor-prisokning\/\" rel=\"nofollow noopener\" target=\"_blank\">\u201d27 procent\u201d \u2013 Swedbank bekr\u00e4ftar stor pris\u00f6kning <\/a><\/p>\n<p><strong>Handlar inte om kompetens<\/strong><\/p>\n<p>Att arbetsgivare inte vill anst\u00e4lla n\u00e5gon som n\u00e4rmar sig pensions\u00e5ldern \u00e4r en uppfattning som delas av fyra av tio 55-plussare, enligt Swedbank.<\/p>\n<p>\u2013 Brist p\u00e5 kompetens verkar inte vara ett problem, bara sex procent uppger det som ett hinder. F\u00f6rdomar mot \u00e4ldre arbetskraft och att erfarenheten inte v\u00e4rdes\u00e4tts skulle d\u00e4remot hindra m\u00e5nga fr\u00e5n att byta jobb om de ville, s\u00e4ger Madel\u00e9n Falkenh\u00e4ll.<\/p>\n<p>Banken beskriver fenomenet som ett \u201csamh\u00e4llsproblem\u201d att \u00e4ldres erfarenhet inte v\u00e4rdes\u00e4tts i den mening att de kan byta jobb sent i karri\u00e4ren.<\/p>\n<p>\u2013 Vi beh\u00f6ver jobba allt l\u00e4ngre och d\u00e5 beh\u00f6ver ocks\u00e5 arbetsmarknaden till\u00e5ta att vi byter jobb h\u00f6gre upp i \u00e5lder. F\u00f6r m\u00e5nga kan det vara ett s\u00e4tt att klara att jobba fram till sin pensions\u00e5lder, s\u00e4ger Madel\u00e9n Falkenh\u00e4ll.<\/p>\n<p>L\u00c4S OCKS\u00c5: <a href=\"https:\/\/ekonomibladet.se\/swedbank-uppmanar-alla-svenskar-gor-det-har-varje-manad\/\" rel=\"nofollow noopener\" target=\"_blank\">Swedbank uppmanar alla svenskar \u2013 g\u00f6r det h\u00e4r varje m\u00e5nad<\/a><\/p>\n<p>Foto: O. Perghel resp MarcusOscarsson.se<\/p>\n<p>Text: Redaktionen<\/p>\n","protected":false},"excerpt":{"rendered":"Swedbank larmar: 55-\u00e5ringar kan tvingas g\u00e5 i pension Tidigare i h\u00f6stas varnade f\u00f6rs\u00e4kringsbolaget S\u00e4kra f\u00f6r att m\u00e5nga medel\u00e5lders&hellip;\n","protected":false},"author":2,"featured_media":98844,"comment_status":"","ping_status":"","sticky":false,"template":"","format":"standard","meta":{"footnotes":""},"categories":[14],"tags":[22,23,26,27,17,21,24,25,28,29,15,16,18,34,31,33,32,30,19,20,51,52,53,54],"class_list":{"0":"post-98843","1":"post","2":"type-post","3":"status-publish","4":"format-standard","5":"has-post-thumbnail","7":"category-varlden","8":"tag-breaking-news","9":"tag-breakingnews","10":"tag-featured-news","11":"tag-featurednews","12":"tag-headlines","13":"tag-huvudnyheter","14":"tag-latest-news","15":"tag-latestnews","16":"tag-main-news","17":"tag-mainnews","18":"tag-news","19":"tag-nyheter","20":"tag-rubriker","21":"tag-se","22":"tag-svenska","23":"tag-sverige","24":"tag-sweden","25":"tag-swedish","26":"tag-top-stories","27":"tag-topstories","28":"tag-varlden","29":"tag-world","30":"tag-world-news","31":"tag-worldnews"},"share_on_mastodon":{"url":"https:\/\/pubeurope.com\/@se\/115674450694197934","error":""},"_links":{"self":[{"href":"https:\/\/www.europesays.com\/se\/wp-json\/wp\/v2\/posts\/98843","targetHints":{"allow":["GET"]}}],"collection":[{"href":"https:\/\/www.europesays.com\/se\/wp-json\/wp\/v2\/posts"}],"about":[{"href":"https:\/\/www.europesays.com\/se\/wp-json\/wp\/v2\/types\/post"}],"author":[{"embeddable":true,"href":"https:\/\/www.europesays.com\/se\/wp-json\/wp\/v2\/users\/2"}],"replies":[{"embeddable":true,"href":"https:\/\/www.europesays.com\/se\/wp-json\/wp\/v2\/comments?post=98843"}],"version-history":[{"count":0,"href":"https:\/\/www.europesays.com\/se\/wp-json\/wp\/v2\/posts\/98843\/revisions"}],"wp:featuredmedia":[{"embeddable":true,"href":"https:\/\/www.europesays.com\/se\/wp-json\/wp\/v2\/media\/98844"}],"wp:attachment":[{"href":"https:\/\/www.europesays.com\/se\/wp-json\/wp\/v2\/media?parent=98843"}],"wp:term":[{"taxonomy":"category","embeddable":true,"href":"https:\/\/www.europesays.com\/se\/wp-json\/wp\/v2\/categories?post=98843"},{"taxonomy":"post_tag","embeddable":true,"href":"https:\/\/www.europesays.com\/se\/wp-json\/wp\/v2\/tags?post=98843"}],"curies":[{"name":"wp","href":"https:\/\/api.w.org\/{rel}","templated":true}]}}