{"id":98847,"date":"2025-12-06T20:14:10","date_gmt":"2025-12-06T20:14:10","guid":{"rendered":"https:\/\/www.europesays.com\/se\/98847\/"},"modified":"2025-12-06T20:14:10","modified_gmt":"2025-12-06T20:14:10","slug":"klart-har-ar-sveriges-eventuella-spelplatser-och-tider-i-vm","status":"publish","type":"post","link":"https:\/\/www.europesays.com\/se\/98847\/","title":{"rendered":"Klart: H\u00e4r \u00e4r Sveriges eventuella spelplatser och tider i VM"},"content":{"rendered":"<p><strong>Sverige \u00e4r tv\u00e5 matcher fr\u00e5n att spela VM 2026.<br \/>Nu st\u00e5r det klart var och n\u00e4r bl\u00e5gults eventuella matcher kommer att spelas h\u00e4r.<\/strong><\/p>\n<p><img loading=\"lazy\" decoding=\"async\" width=\"1024\" height=\"576\" src=\"https:\/\/www.europesays.com\/se\/wp-content\/uploads\/2025\/12\/swe_vm-1024x576.jpg\" alt=\"\" class=\"wp-image-348122\"  \/>Foto: Bildbyr\u00e5n<\/p>\n<p>Det var under fredagen som <a href=\"https:\/\/fotbolldirekt.se\/vm-fotboll\/klart-de-kan-sverige-mota-i-vm-gruppspelet-2026\/\" rel=\"nofollow noopener\" target=\"_blank\">gruppspelet i VM 2026 lottades<\/a> \u2013 d\u00e4r samtliga 48 nationer lottades in i tolv grupper. <\/p>\n<p>En av dessa var Sverige, i det fall att man besegrar Ukraina och senare vinnaren i matchen mellan Polen och Albanien. Skulle Sverige g\u00f6ra det kommer man att <a href=\"https:\/\/fotbolldirekt.se\/vm-fotboll\/genomgang-sveriges-potentiella-motstandare-i-vm\/\" rel=\"nofollow noopener\" target=\"_blank\">st\u00e4llas mot Nederl\u00e4nderna, Japan och Tunisien<\/a> i gruppspelet. <\/p>\n<p>Nu st\u00e5r det klart var matcherna kommer att spelas och vilka tider.<\/p>\n<p>Matchen mot <strong>Tunisien<\/strong> kommer att <strong>spelas i Monterrey<\/strong> (Mexiko). Matchen mot <strong>Nederl\u00e4nderna i Houston<\/strong> och den mot <strong>Japan i Dallas<\/strong> (b\u00e5da i USA). <\/p>\n<p>Premi\u00e4rmatchen mot <strong>Tunisien har avsparkstid klockan 04.00<\/strong> (svensk tid) den 15 juni. Mot <strong>Nederl\u00e4nderna spelas matchen klockan 19.00<\/strong> den 21 juni och mot <strong>Japan klockan 01.00 <\/strong>den 26 juni.<\/p>\n<p>F\u00f6r att detta ska bli verklighet beh\u00f6ver Sverige allts\u00e5 sl\u00e5 Ukraina p\u00e5 neutral plan i playoff-semifinalen. D\u00e4refter kommer det vinnande laget att spela hemma mot Polen eller Albanien \u2013 d\u00e4r vinnaren tar sig till <a href=\"https:\/\/fotbolldirekt.se\/vm-fotboll\/\" rel=\"nofollow noopener\" target=\"_blank\">VM<\/a> n\u00e4sta sommar. <\/p>\n","protected":false},"excerpt":{"rendered":"Sverige \u00e4r tv\u00e5 matcher fr\u00e5n att spela VM 2026.Nu st\u00e5r det klart var och n\u00e4r bl\u00e5gults eventuella matcher&hellip;\n","protected":false},"author":2,"featured_media":98848,"comment_status":"","ping_status":"","sticky":false,"template":"","format":"standard","meta":{"footnotes":""},"categories":[5],"tags":[22,23,26,27,17,754,21,24,25,28,29,15,16,18,34,31,33,32,30,19,20],"class_list":{"0":"post-98847","1":"post","2":"type-post","3":"status-publish","4":"format-standard","5":"has-post-thumbnail","7":"category-rubriker","8":"tag-breaking-news","9":"tag-breakingnews","10":"tag-featured-news","11":"tag-featurednews","12":"tag-headlines","13":"tag-huvudblock","14":"tag-huvudnyheter","15":"tag-latest-news","16":"tag-latestnews","17":"tag-main-news","18":"tag-mainnews","19":"tag-news","20":"tag-nyheter","21":"tag-rubriker","22":"tag-se","23":"tag-svenska","24":"tag-sverige","25":"tag-sweden","26":"tag-swedish","27":"tag-top-stories","28":"tag-topstories"},"share_on_mastodon":{"url":"https:\/\/pubeurope.com\/@se\/115674458767665808","error":""},"_links":{"self":[{"href":"https:\/\/www.europesays.com\/se\/wp-json\/wp\/v2\/posts\/98847","targetHints":{"allow":["GET"]}}],"collection":[{"href":"https:\/\/www.europesays.com\/se\/wp-json\/wp\/v2\/posts"}],"about":[{"href":"https:\/\/www.europesays.com\/se\/wp-json\/wp\/v2\/types\/post"}],"author":[{"embeddable":true,"href":"https:\/\/www.europesays.com\/se\/wp-json\/wp\/v2\/users\/2"}],"replies":[{"embeddable":true,"href":"https:\/\/www.europesays.com\/se\/wp-json\/wp\/v2\/comments?post=98847"}],"version-history":[{"count":0,"href":"https:\/\/www.europesays.com\/se\/wp-json\/wp\/v2\/posts\/98847\/revisions"}],"wp:featuredmedia":[{"embeddable":true,"href":"https:\/\/www.europesays.com\/se\/wp-json\/wp\/v2\/media\/98848"}],"wp:attachment":[{"href":"https:\/\/www.europesays.com\/se\/wp-json\/wp\/v2\/media?parent=98847"}],"wp:term":[{"taxonomy":"category","embeddable":true,"href":"https:\/\/www.europesays.com\/se\/wp-json\/wp\/v2\/categories?post=98847"},{"taxonomy":"post_tag","embeddable":true,"href":"https:\/\/www.europesays.com\/se\/wp-json\/wp\/v2\/tags?post=98847"}],"curies":[{"name":"wp","href":"https:\/\/api.w.org\/{rel}","templated":true}]}}