{"id":98856,"date":"2025-12-06T20:30:33","date_gmt":"2025-12-06T20:30:33","guid":{"rendered":"https:\/\/www.europesays.com\/se\/98856\/"},"modified":"2025-12-06T20:30:33","modified_gmt":"2025-12-06T20:30:33","slug":"pendeln-far-ai-kameror-som-ska-stoppa-sjalvmord","status":"publish","type":"post","link":"https:\/\/www.europesays.com\/se\/98856\/","title":{"rendered":"Pendeln f\u00e5r AI-kameror som ska stoppa sj\u00e4lvmord"},"content":{"rendered":"<p>Pendelt\u00e5gsstationer i Stockholm ska f\u00e5 AI-kameror som kan identifiera sj\u00e4lvmordsf\u00f6rs\u00f6k, rapporterar P4 Stockholm. Sedan 2022 har systemet med AI-kameror avstyrt 39 sj\u00e4lvmordsf\u00f6rs\u00f6k i Stockholms tunnelbana. <\/p>\n<p>Till en b\u00f6rjan f\u00e5r tv\u00e5 pendelt\u00e5gsstationer AI-kameror men regionen tror att det kan bli fler. <\/p>\n<p>\u2013 Det h\u00e4r \u00e4r ett effektivt s\u00e4tt att st\u00f6tta den m\u00e4nskliga personalen, s\u00e4ger trafikregionr\u00e5det Jakob Dalunde (MP). <\/p>\n<p>Ta hj\u00e4lp vid sj\u00e4lvmordstankar<\/p>\n<p>SOS Alarm 112<br \/>Vid akuta l\u00e4gen eller vid tankar p\u00e5 sj\u00e4lvmord,\u202fring alltid 112.<\/p>\n<p>Mind Sj\u00e4lvmordslinjen 90101<br \/>St\u00f6dlinje f\u00f6r personer med tankar p\u00e5 sj\u00e4lvmord. \u00d6ppen dygnet runt. Tel: 90101.<br \/>Chatt:\u202f<a target=\"_blank\" rel=\"noreferrer nofollow noopener\" href=\"http:\/\/chat.mind.se\/\" class=\"Text_externalLink__zdh8y\">chat.mind.se<\/a><\/p>\n<p>V\u00e5rdguiden 1177<br \/>Sjukv\u00e5rdsr\u00e5dgivning samt uppgifter om n\u00e4rmsta psykiatriska akutmottagning. Tel: 1177<br \/><a target=\"_blank\" rel=\"noreferrer nofollow noopener\" href=\"http:\/\/www.1177.se\/\" class=\"Text_externalLink__zdh8y\">www.1177.se<\/a><\/p>\n<p>Jourhavande pr\u00e4st<br \/>Tel: 112, alla dagar kl 21\u201306<br \/><a target=\"_blank\" rel=\"noreferrer nofollow noopener\" href=\"http:\/\/svenskakyrkan.se\/jourhavandeprast\" class=\"Text_externalLink__zdh8y\">Svenskakyrkan.se\/jourhavandeprast<\/a><\/p>\n<p>Jourhavande kompis<br \/>Tar emot samtal fr\u00e5n barn och unga upp till 25 \u00e5r. Chattjour vardagar kl 18\u201322, helger kl 14\u201318.<br \/><a target=\"_blank\" rel=\"noreferrer nofollow noopener\" href=\"https:\/\/rkuf.se\/vad-vi-gor\/jourhavande-kompis\/\" class=\"Text_externalLink__zdh8y\">jourhavandekompis.se<\/a><\/p>\n<p>Omni \u00e4r politiskt obundna och oberoende. Vi str\u00e4var efter att ge fler perspektiv p\u00e5 nyheterna. Har du fr\u00e5gor eller synpunkter kring v\u00e5r rapportering? <a href=\"https:\/\/omni.se\/pendeln-far-ai-kameror-som-ska-stoppa-sjalvmord\/a\/mailto:redaktion@omni.se\" class=\"ArticleActions_contactLink__W2F1M\" rel=\"nofollow noopener\" target=\"_blank\">Kontakta redaktionen<\/a><\/p>\n","protected":false},"excerpt":{"rendered":"Pendelt\u00e5gsstationer i Stockholm ska f\u00e5 AI-kameror som kan identifiera sj\u00e4lvmordsf\u00f6rs\u00f6k, rapporterar P4 Stockholm. Sedan 2022 har systemet med&hellip;\n","protected":false},"author":2,"featured_media":98857,"comment_status":"","ping_status":"","sticky":false,"template":"","format":"standard","meta":{"footnotes":""},"categories":[5],"tags":[22,23,26,27,17,21,24,25,28,29,15,16,4604,18,34,9254,258,127,11458,31,33,32,30,19,20,366],"class_list":{"0":"post-98856","1":"post","2":"type-post","3":"status-publish","4":"format-standard","5":"has-post-thumbnail","7":"category-rubriker","8":"tag-breaking-news","9":"tag-breakingnews","10":"tag-featured-news","11":"tag-featurednews","12":"tag-headlines","13":"tag-huvudnyheter","14":"tag-latest-news","15":"tag-latestnews","16":"tag-main-news","17":"tag-mainnews","18":"tag-news","19":"tag-nyheter","20":"tag-region-stockholm","21":"tag-rubriker","22":"tag-se","23":"tag-sl","24":"tag-stockholm","25":"tag-stockholms-lan","26":"tag-storstockholms-lokaltrafik","27":"tag-svenska","28":"tag-sverige","29":"tag-sweden","30":"tag-swedish","31":"tag-top-stories","32":"tag-topstories","33":"tag-trafik"},"share_on_mastodon":{"url":"https:\/\/pubeurope.com\/@se\/115674521484188993","error":""},"_links":{"self":[{"href":"https:\/\/www.europesays.com\/se\/wp-json\/wp\/v2\/posts\/98856","targetHints":{"allow":["GET"]}}],"collection":[{"href":"https:\/\/www.europesays.com\/se\/wp-json\/wp\/v2\/posts"}],"about":[{"href":"https:\/\/www.europesays.com\/se\/wp-json\/wp\/v2\/types\/post"}],"author":[{"embeddable":true,"href":"https:\/\/www.europesays.com\/se\/wp-json\/wp\/v2\/users\/2"}],"replies":[{"embeddable":true,"href":"https:\/\/www.europesays.com\/se\/wp-json\/wp\/v2\/comments?post=98856"}],"version-history":[{"count":0,"href":"https:\/\/www.europesays.com\/se\/wp-json\/wp\/v2\/posts\/98856\/revisions"}],"wp:featuredmedia":[{"embeddable":true,"href":"https:\/\/www.europesays.com\/se\/wp-json\/wp\/v2\/media\/98857"}],"wp:attachment":[{"href":"https:\/\/www.europesays.com\/se\/wp-json\/wp\/v2\/media?parent=98856"}],"wp:term":[{"taxonomy":"category","embeddable":true,"href":"https:\/\/www.europesays.com\/se\/wp-json\/wp\/v2\/categories?post=98856"},{"taxonomy":"post_tag","embeddable":true,"href":"https:\/\/www.europesays.com\/se\/wp-json\/wp\/v2\/tags?post=98856"}],"curies":[{"name":"wp","href":"https:\/\/api.w.org\/{rel}","templated":true}]}}