{"id":98862,"date":"2025-12-06T20:39:15","date_gmt":"2025-12-06T20:39:15","guid":{"rendered":"https:\/\/www.europesays.com\/se\/98862\/"},"modified":"2025-12-06T20:39:15","modified_gmt":"2025-12-06T20:39:15","slug":"mardromsbilder-infor-jvm-victor-eklund-ut-skadad","status":"publish","type":"post","link":"https:\/\/www.europesays.com\/se\/98862\/","title":{"rendered":"Mardr\u00f6msbilder inf\u00f6r JVM \u2013 Victor Eklund ut skadad"},"content":{"rendered":"<p>Publicerad 6 dec 2025 kl 19.20Uppdaterad kl 21.16<\/p>\n<p>Mardr\u00f6msbilder bilder inf\u00f6r JVM.\u00a0<\/p>\n<p>Djurg\u00e5rdens Victor Eklund tvingades l\u00e4mna matchen skadad.\u00a0<\/p>\n<p>\u2013 Orov\u00e4ckande, s\u00e4ger Staffan Kronwall i TV4 Play.\u00a0<\/p>\n<p><img loading=\"lazy\"   alt=\"\"\/><\/p>\n<p>Victor Eklund.<\/p>\n<p>Foto: KENTA J\u00d6NSSON \/ BILDBYR\u00c5N<\/p>\n<p>\u00d6ppna bild i helsk\u00e4rm<img loading=\"lazy\"   alt=\"\"\/>\u00d6ppna bild i helsk\u00e4rm<img loading=\"lazy\"   alt=\"\"\/>\u00d6ppna bild i helsk\u00e4rm<img loading=\"lazy\"   alt=\"\"\/>\u00d6ppna bild i helsk\u00e4rm<\/p>\n<p>En av Sveriges st\u00f6rsta stj\u00e4rnor i JVM kommer att vara Djurg\u00e5rdens Victor Eklund.\u00a0<\/p>\n<p>Men under tisdagens match mot Timr\u00e5 kablades orov\u00e4ckande bilder ut p\u00e5 19-\u00e5ringen.\u00a0<\/p>\n<p>Eklund fick ett rapp \u00f6ver benet av Anton Lander och tvingades utg\u00e5 skadad. Den sistn\u00e4mnde visades senare ut f\u00f6r slashing.\u00a0<\/p>\n<p>\u2013 N\u00e4r han inte kommer tillbaka blir det orov\u00e4ckande. Det d\u00e4r brukar g\u00e5 \u00f6ver p\u00e5 ett par minuter. Det \u00e4r en viktig spelare dels f\u00f6r Djurg\u00e5rden, men framf\u00f6r allt till JVM, s\u00e4ger Staffan Kronwall i TV4 Play.\u00a0<\/p>\n<p>\u2013 Det \u00e4r tv\u00e5 h\u00e4nder p\u00e5 klubban och han sl\u00e5r ganska ov\u00e5rdat. Det \u00e4r h\u00f6g skaderisk. Den h\u00e4r borde man kolla p\u00e5, s\u00e4ger Joel Lundqvist.\u00a0<\/p>\n<p>R\u00e4ddad po\u00e4ng efter m\u00e5lvaktstavla<\/p>\n<p>Anton Frondell gav Djurg\u00e5rden ledningen i matchen men tv\u00e5 m\u00e5l fr\u00e5n Timr\u00e5 v\u00e4nde p\u00e5 steken.\u00a0<\/p>\n<p>I slutminuterna kunde Philip Holm se till att ta matchen till f\u00f6rl\u00e4ngning efter att i boxplay gett sig ut p\u00e5 en solor\u00e4d och sn\u00e4rtat pucken bakom Jacob Johansson som svarade f\u00f6r en sm\u00e4rre m\u00e5lvaktstavla.\u00a0<\/p>\n<p>Ledande spelare<\/p>\n<p>Under fredagen tog f\u00f6rbundskapten Magnus H\u00e4velid ut truppen till JVM d\u00e4r Eklund var ett givet namn. Han f\u00f6rv\u00e4ntas vara en ledande spelare tillsammans med Anton Frondell och Ivar Stenberg.\u00a0<\/p>\n<p>Juniorkronorna l\u00e4mnar f\u00f6r USA den 13 december och ska f\u00f6rst spela tre tr\u00e4ningsmatcher innan turneringen drar i g\u00e5ng 26 december.\u00a0<\/p>\n<p>Matchen d\u00e5? Den vann Djurg\u00e5rden p\u00e5 straffar. D\u00e4r blev Viggo Bj\u00f6rck matchvinnare.<\/p>\n","protected":false},"excerpt":{"rendered":"Publicerad 6 dec 2025 kl 19.20Uppdaterad kl 21.16 Mardr\u00f6msbilder bilder inf\u00f6r JVM.\u00a0 Djurg\u00e5rdens Victor Eklund tvingades l\u00e4mna matchen&hellip;\n","protected":false},"author":2,"featured_media":98863,"comment_status":"","ping_status":"","sticky":false,"template":"","format":"standard","meta":{"footnotes":""},"categories":[5],"tags":[22,23,26,27,17,21,24,25,28,29,15,16,814,2154,18,34,255,823,31,33,32,30,19,20],"class_list":{"0":"post-98862","1":"post","2":"type-post","3":"status-publish","4":"format-standard","5":"has-post-thumbnail","7":"category-rubriker","8":"tag-breaking-news","9":"tag-breakingnews","10":"tag-featured-news","11":"tag-featurednews","12":"tag-headlines","13":"tag-huvudnyheter","14":"tag-latest-news","15":"tag-latestnews","16":"tag-main-news","17":"tag-mainnews","18":"tag-news","19":"tag-nyheter","20":"tag-organization-djurgarden-hockey","21":"tag-organization-timra-ik","22":"tag-rubriker","23":"tag-se","24":"tag-sections-ishockey","25":"tag-sections-shl","26":"tag-svenska","27":"tag-sverige","28":"tag-sweden","29":"tag-swedish","30":"tag-top-stories","31":"tag-topstories"},"share_on_mastodon":{"url":"https:\/\/pubeurope.com\/@se\/115674556891860283","error":""},"_links":{"self":[{"href":"https:\/\/www.europesays.com\/se\/wp-json\/wp\/v2\/posts\/98862","targetHints":{"allow":["GET"]}}],"collection":[{"href":"https:\/\/www.europesays.com\/se\/wp-json\/wp\/v2\/posts"}],"about":[{"href":"https:\/\/www.europesays.com\/se\/wp-json\/wp\/v2\/types\/post"}],"author":[{"embeddable":true,"href":"https:\/\/www.europesays.com\/se\/wp-json\/wp\/v2\/users\/2"}],"replies":[{"embeddable":true,"href":"https:\/\/www.europesays.com\/se\/wp-json\/wp\/v2\/comments?post=98862"}],"version-history":[{"count":0,"href":"https:\/\/www.europesays.com\/se\/wp-json\/wp\/v2\/posts\/98862\/revisions"}],"wp:featuredmedia":[{"embeddable":true,"href":"https:\/\/www.europesays.com\/se\/wp-json\/wp\/v2\/media\/98863"}],"wp:attachment":[{"href":"https:\/\/www.europesays.com\/se\/wp-json\/wp\/v2\/media?parent=98862"}],"wp:term":[{"taxonomy":"category","embeddable":true,"href":"https:\/\/www.europesays.com\/se\/wp-json\/wp\/v2\/categories?post=98862"},{"taxonomy":"post_tag","embeddable":true,"href":"https:\/\/www.europesays.com\/se\/wp-json\/wp\/v2\/tags?post=98862"}],"curies":[{"name":"wp","href":"https:\/\/api.w.org\/{rel}","templated":true}]}}