{"id":98878,"date":"2025-12-06T21:23:11","date_gmt":"2025-12-06T21:23:11","guid":{"rendered":"https:\/\/www.europesays.com\/se\/98878\/"},"modified":"2025-12-06T21:23:11","modified_gmt":"2025-12-06T21:23:11","slug":"forskare-hjarnan-ar-yngre-hos-muskulosa-personer","status":"publish","type":"post","link":"https:\/\/www.europesays.com\/se\/98878\/","title":{"rendered":"Forskare: Hj\u00e4rnan \u00e4r yngre hos muskul\u00f6sa personer"},"content":{"rendered":"<p>Det finns goda sk\u00e4l till att m\u00e5nga \u00e4r upptagna av att h\u00e5lla hj\u00e4rnan ung och skarp s\u00e5 l\u00e4nge som m\u00f6jligt.<\/p>\n<p>Ett l\u00e5ngsamt \u00e5ldrande av hj\u00e4rnan \u00e4r n\u00e4mligen lika med minskad risk f\u00f6r allvarliga demenssjukdomar.<\/p>\n<p>Men om du \u00e4r os\u00e4ker p\u00e5 hur din hj\u00e4rna egentligen m\u00e5r finns det faktiskt en sak med din kropp som kan vara en bra indikation.<\/p>\n<p>Den slutsatsen drar Cyrus Raji, professor i radiologi och neurologi vid Washington University, efter att ha gjort en ny studie i vilken han helkroppsskannade \u00f6ver 1 000 deltagare med avancerad utrustning.<\/p>\n<p>Studien presenterades nyligen p\u00e5 den stora radiologikonferensen RSNA 2025 i USA och det upplyftande \u00e4r enligt Cyrus Raji att det g\u00e5r att sj\u00e4lv p\u00e5verka den ena faktorn och att det finns \u201dett billigt s\u00e4tt att f\u00f6rb\u00e4ttra hj\u00e4rnans \u00e5ldrande\u201d, som han skriver i ett mejl till Illustrerad Vetenskap.<\/p>\n","protected":false},"excerpt":{"rendered":"Det finns goda sk\u00e4l till att m\u00e5nga \u00e4r upptagna av att h\u00e5lla hj\u00e4rnan ung och skarp s\u00e5 l\u00e4nge&hellip;\n","protected":false},"author":2,"featured_media":98879,"comment_status":"","ping_status":"","sticky":false,"template":"","format":"standard","meta":{"footnotes":""},"categories":[69],"tags":[113,112,34,31,33,32,30],"class_list":{"0":"post-98878","1":"post","2":"type-post","3":"status-publish","4":"format-standard","5":"has-post-thumbnail","7":"category-halsa","8":"tag-halsa","9":"tag-health","10":"tag-se","11":"tag-svenska","12":"tag-sverige","13":"tag-sweden","14":"tag-swedish"},"share_on_mastodon":{"url":"https:\/\/pubeurope.com\/@se\/115674729870971936","error":""},"_links":{"self":[{"href":"https:\/\/www.europesays.com\/se\/wp-json\/wp\/v2\/posts\/98878","targetHints":{"allow":["GET"]}}],"collection":[{"href":"https:\/\/www.europesays.com\/se\/wp-json\/wp\/v2\/posts"}],"about":[{"href":"https:\/\/www.europesays.com\/se\/wp-json\/wp\/v2\/types\/post"}],"author":[{"embeddable":true,"href":"https:\/\/www.europesays.com\/se\/wp-json\/wp\/v2\/users\/2"}],"replies":[{"embeddable":true,"href":"https:\/\/www.europesays.com\/se\/wp-json\/wp\/v2\/comments?post=98878"}],"version-history":[{"count":0,"href":"https:\/\/www.europesays.com\/se\/wp-json\/wp\/v2\/posts\/98878\/revisions"}],"wp:featuredmedia":[{"embeddable":true,"href":"https:\/\/www.europesays.com\/se\/wp-json\/wp\/v2\/media\/98879"}],"wp:attachment":[{"href":"https:\/\/www.europesays.com\/se\/wp-json\/wp\/v2\/media?parent=98878"}],"wp:term":[{"taxonomy":"category","embeddable":true,"href":"https:\/\/www.europesays.com\/se\/wp-json\/wp\/v2\/categories?post=98878"},{"taxonomy":"post_tag","embeddable":true,"href":"https:\/\/www.europesays.com\/se\/wp-json\/wp\/v2\/tags?post=98878"}],"curies":[{"name":"wp","href":"https:\/\/api.w.org\/{rel}","templated":true}]}}