{"id":98884,"date":"2025-12-06T21:38:18","date_gmt":"2025-12-06T21:38:18","guid":{"rendered":"https:\/\/www.europesays.com\/se\/98884\/"},"modified":"2025-12-06T21:38:18","modified_gmt":"2025-12-06T21:38:18","slug":"tjernobyls-tak-skadat-kan-inte-stoppa-stralning","status":"publish","type":"post","link":"https:\/\/www.europesays.com\/se\/98884\/","title":{"rendered":"Tjernobyls tak skadat \u2013 kan inte stoppa str\u00e5lning"},"content":{"rendered":"<p>Skyddstaket \u00f6ver den f\u00f6rst\u00f6rda k\u00e4rnreaktorn i Tjernobyl skadades vid en dr\u00f6narattack i februari och kan inte l\u00e4ngre blockera radioaktiv str\u00e5lning.\u00a0<\/p>\n<p>Det bekr\u00e4ftar FN:s atomenergiorgan IAEA.\u00a0<\/p>\n<p>\u2013 Snabb och fullst\u00e4ndig \u00e5terst\u00e4llning \u00e4r avg\u00f6rande f\u00f6r att f\u00f6rhindra ytterligare f\u00f6rfall och s\u00e4kerst\u00e4lla l\u00e5ngsiktig k\u00e4rns\u00e4kerhet, s\u00e4ger generaldirekt\u00f6r Rafael Mariano Grossi.\u00a0<\/p>\n<p>Senaste klippen om kriget i Ukraina.<img   alt=\"\"\/><\/p>\n<p>H\u00e5let i skyddsanl\u00e4ggningens tak.<\/p>\n<p>Foto: TARASOV \/ TT NYHETSBYR\u00c5N<\/p>\n<p>\u00d6ppna bild i helsk\u00e4rm<img loading=\"lazy\"   alt=\"\"\/><\/p>\n<p>Zolodymyr Zelenskyj har sagt att attacken orsakade \u201dbetydande\u201d skada.<\/p>\n<p>Foto: ALBERTO GARDIN \/ STELLA PICTURES<\/p>\n<p>\u00d6ppna bild i helsk\u00e4rm<\/p>\n<p>Vid Tjernobylolyckan 1986 spreds radioaktivt avfall \u00f6ver Europa. Sovjetunionen, som Ukraina d\u00e5 tillh\u00f6rde, l\u00e4t bygga en slags betongsarkofag \u00f6ver reaktorn som havererat f\u00f6r att skydda mot radioaktiva utsl\u00e4pp. 2010 p\u00e5b\u00f6rjades bygget av en ny, s\u00e4krare och l\u00e5ngsiktigt mer h\u00e5llbar skyddskonstruktion. Projektet, som slutf\u00f6rdes 2019, kostade runt 17 miljarder kronor.<\/p>\n<p>Men skyddsanl\u00e4ggningen skadades allvarligt vid en dr\u00f6narattack i februari i \u00e5r. P\u00e5 anl\u00e4ggningens tak finns ett stort h\u00e5l. Dessutom brann det inne i byggnaden.\u00a0<\/p>\n<p>Flera k\u00e4rnenergiexperter har f\u00f6rd\u00f6mt attacken.\u00a0<\/p>\n<p><img loading=\"lazy\"   alt=\"\"\/><\/p>\n<p>Bild p\u00e5 skadan i taket inifr\u00e5n.<\/p>\n<p>Foto: Zolodymyr Zelenskyj \/ X<\/p>\n<p>\u00d6ppna bild i helsk\u00e4rm<img loading=\"lazy\"   alt=\"\"\/><\/p>\n<p>Det b\u00f6rjade brinna i anl\u00e4ggningen.<\/p>\n<p>Foto: Zolodymyr Zelenskyj \/ X<\/p>\n<p>\u00d6ppna bild i helsk\u00e4rmIAEA: M\u00e5ste lagas snabbt<\/p>\n<p>FN:s atomenergiorgan IAEA har nyligen inspekterat anl\u00e4ggningen och konstaterar att skyddskonstruktionen \u201df\u00f6rlorat sina prim\u00e4ra s\u00e4kerhetsfunktioner\u201d, men att b\u00e4rande konstruktioner och \u00f6vervakningssystem inte skadats permanent.\u00a0<\/p>\n<p>\u2013 Begr\u00e4nsade provisoriska reparationer har utf\u00f6rts p\u00e5 taket, men snabb och fullst\u00e4ndig \u00e5terst\u00e4llning \u00e4r fortfarande avg\u00f6rande f\u00f6r att f\u00f6rhindra ytterligare f\u00f6rfall och s\u00e4kerst\u00e4lla l\u00e5ngsiktig k\u00e4rns\u00e4kerhet, s\u00e4ger IAEA-direkt\u00f6ren Rafael Mariano Grossi i ett pressmeddelande.\u00a0<\/p>\n<p>\u201d\u00c5terst\u00e4lla k\u00e4rns\u00e4kerhet\u201d<\/p>\n<p>Myndigheten rekommenderar ocks\u00e5 att man l\u00e4gger till ytterligare skydds\u00e5tg\u00e4rder vid anl\u00e4ggningen. N\u00e4sta \u00e5r v\u00e4ntas omfattande reparationer inledas.\u00a0<\/p>\n<p>\u2013 IAEA \u2013 som har ett team permanent p\u00e5 plats \u2013 kommer att forts\u00e4tta g\u00f6ra allt som st\u00e5r i dess makt f\u00f6r att st\u00f6dja arbetet med att helt \u00e5terst\u00e4lla k\u00e4rns\u00e4kerhet och k\u00e4rnskydd vid <a href=\"https:\/\/www.expressen.se\/tagg\/organization\/tjernobyl\/\" class=\"\" rel=\"nofollow noopener\" target=\"_blank\">Tjernobyl<\/a>, s\u00e4ger Rafael Mariano Grossi.\u00a0<\/p>\n<p><strong>L\u00c4S MER: <\/strong><a href=\"https:\/\/www.expressen.se\/nyheter\/varlden\/rysk-dronare-traffade-tjernobyl\/\" class=\"\" rel=\"nofollow noopener\" target=\"_blank\">Rysk dr\u00f6nare tr\u00e4ffade Tjernobyl<\/a><strong>L\u00c4S MER: <\/strong><a href=\"https:\/\/www.expressen.se\/nyheter\/varlden\/spar-av-radioaktivt-amne-vid-norsk-ryska-gransen\/\" class=\"\" rel=\"nofollow noopener\" target=\"_blank\">Sp\u00e5r av radioaktivt \u00e4mne vid norsk-ryska gr\u00e4nsen<\/a>M\u00e4rkliga utseendet \u2022 Misstanken.<\/p>\n","protected":false},"excerpt":{"rendered":"Skyddstaket \u00f6ver den f\u00f6rst\u00f6rda k\u00e4rnreaktorn i Tjernobyl skadades vid en dr\u00f6narattack i februari och kan inte l\u00e4ngre blockera&hellip;\n","protected":false},"author":2,"featured_media":98885,"comment_status":"","ping_status":"","sticky":false,"template":"","format":"standard","meta":{"footnotes":""},"categories":[5],"tags":[22,23,26,27,17,21,24,25,202,28,29,15,276,16,11457,18,34,55,31,33,32,30,19,60,20],"class_list":{"0":"post-98884","1":"post","2":"type-post","3":"status-publish","4":"format-standard","5":"has-post-thumbnail","7":"category-rubriker","8":"tag-breaking-news","9":"tag-breakingnews","10":"tag-featured-news","11":"tag-featurednews","12":"tag-headlines","13":"tag-huvudnyheter","14":"tag-latest-news","15":"tag-latestnews","16":"tag-location-ukraina","17":"tag-main-news","18":"tag-mainnews","19":"tag-news","20":"tag-newsstory-kriget-i-ukraina","21":"tag-nyheter","22":"tag-organization-tjernobyl","23":"tag-rubriker","24":"tag-se","25":"tag-sections-varlden","26":"tag-svenska","27":"tag-sverige","28":"tag-sweden","29":"tag-swedish","30":"tag-top-stories","31":"tag-topic-krig-konflikt","32":"tag-topstories"},"share_on_mastodon":{"url":"https:\/\/pubeurope.com\/@se\/115674788823031325","error":""},"_links":{"self":[{"href":"https:\/\/www.europesays.com\/se\/wp-json\/wp\/v2\/posts\/98884","targetHints":{"allow":["GET"]}}],"collection":[{"href":"https:\/\/www.europesays.com\/se\/wp-json\/wp\/v2\/posts"}],"about":[{"href":"https:\/\/www.europesays.com\/se\/wp-json\/wp\/v2\/types\/post"}],"author":[{"embeddable":true,"href":"https:\/\/www.europesays.com\/se\/wp-json\/wp\/v2\/users\/2"}],"replies":[{"embeddable":true,"href":"https:\/\/www.europesays.com\/se\/wp-json\/wp\/v2\/comments?post=98884"}],"version-history":[{"count":0,"href":"https:\/\/www.europesays.com\/se\/wp-json\/wp\/v2\/posts\/98884\/revisions"}],"wp:featuredmedia":[{"embeddable":true,"href":"https:\/\/www.europesays.com\/se\/wp-json\/wp\/v2\/media\/98885"}],"wp:attachment":[{"href":"https:\/\/www.europesays.com\/se\/wp-json\/wp\/v2\/media?parent=98884"}],"wp:term":[{"taxonomy":"category","embeddable":true,"href":"https:\/\/www.europesays.com\/se\/wp-json\/wp\/v2\/categories?post=98884"},{"taxonomy":"post_tag","embeddable":true,"href":"https:\/\/www.europesays.com\/se\/wp-json\/wp\/v2\/tags?post=98884"}],"curies":[{"name":"wp","href":"https:\/\/api.w.org\/{rel}","templated":true}]}}