{"id":98921,"date":"2025-12-06T23:18:21","date_gmt":"2025-12-06T23:18:21","guid":{"rendered":"https:\/\/www.europesays.com\/se\/98921\/"},"modified":"2025-12-06T23:18:21","modified_gmt":"2025-12-06T23:18:21","slug":"vi-har-peakat-attityden-i-gruppen-nerikes-allehanda","status":"publish","type":"post","link":"https:\/\/www.europesays.com\/se\/98921\/","title":{"rendered":"\u201dVi har peakat attityden i gruppen\u201d \u2013 Nerikes Allehanda"},"content":{"rendered":"<p>N\u00e4r Tobias Thermell ska summera halva s\u00e4songen, v\u00e4ljer han att stanna i nuet.<\/p>\n<p>\u2013 Vi \u00e4r p\u00e5 en bra plats nu. Vi har peakat v\u00e5r attityd i gruppen, och f\u00e5r ut n\u00e5got av den, s\u00e4ger \u00d6rebro Hockeys assisterande tr\u00e4nare.<\/p>\n<p>Och \u00f6ser superlativer \u00f6ver laget, och enskilda individer, efter 3\u20130 hemma mot Leksand.<\/p>\n<p><img loading=\"lazy\" decoding=\"async\" width=\"980\" height=\"551\" class=\"article-image article-image--featured\" alt=\"En attityd som peakat. Tobias Thermell om lyftet som lyft \u00d6rebro Hockey ordentligt den senaste tiden.\" src=\"https:\/\/www.europesays.com\/se\/wp-content\/uploads\/2025\/12\/735db431-d87b-4756-aea7-cff5e4e60574.jpg\"  \/><a class=\"article__lightbox-link\" href=\"https:\/\/static.bonniernews.se\/ba\/735db431-d87b-4756-aea7-cff5e4e60574.jpg?crop=2500%2C1406%2Cx0%2Cy1&amp;width=1400&amp;format=pjpg&amp;auto=avif\" data-pswp-width=\"1400\" data-pswp-height=\"788\" data-pswp-caption=\"En attityd som peakat. Tobias Thermell om lyftet som lyft \u00d6rebro Hockey ordentligt den senaste tiden. Bild: JOHAN BERNSTR\u00d6M\" data-pswp- rel=\"nofollow noopener\" target=\"_blank\">\u00d6ppna bild i helsk\u00e4rmsl\u00e4ge<\/a><\/p>\n<p class=\"txt-style-muted\" aria-hidden=\"true\">En attityd som peakat. Tobias Thermell om lyftet som lyft \u00d6rebro Hockey ordentligt den senaste tiden.<\/p>\n<p class=\"article__figcaption-attribution txt-style-muted\">Bild: JOHAN BERNSTR\u00d6M<\/p>\n<p>Leksand kom ut med fart, fl\u00e4kt och h\u00f6g press, vilket inte f\u00f6rv\u00e5nade Thermell eller hans spelare.<\/p>\n<p>Tekniskt fel<\/p>\n<p class=\"message__text txt-ui txt-ui-2\">V\u00e4nligen f\u00f6rs\u00f6k igen senare.<\/p>\n<p>Den h\u00e4r artikeln \u00e4r bara f\u00f6r prenumeranter<\/p>\n<p class=\"txt-body txt-body-1\">Om du redan \u00e4r prenumerant: logga in!<\/p>\n","protected":false},"excerpt":{"rendered":"N\u00e4r Tobias Thermell ska summera halva s\u00e4songen, v\u00e4ljer han att stanna i nuet. \u2013 Vi \u00e4r p\u00e5 en&hellip;\n","protected":false},"author":2,"featured_media":98922,"comment_status":"","ping_status":"","sticky":false,"template":"","format":"standard","meta":{"footnotes":""},"categories":[5],"tags":[22,23,26,27,17,21,24,25,28,29,15,16,18,34,31,33,32,30,19,20],"class_list":{"0":"post-98921","1":"post","2":"type-post","3":"status-publish","4":"format-standard","5":"has-post-thumbnail","7":"category-rubriker","8":"tag-breaking-news","9":"tag-breakingnews","10":"tag-featured-news","11":"tag-featurednews","12":"tag-headlines","13":"tag-huvudnyheter","14":"tag-latest-news","15":"tag-latestnews","16":"tag-main-news","17":"tag-mainnews","18":"tag-news","19":"tag-nyheter","20":"tag-rubriker","21":"tag-se","22":"tag-svenska","23":"tag-sverige","24":"tag-sweden","25":"tag-swedish","26":"tag-top-stories","27":"tag-topstories"},"share_on_mastodon":{"url":"https:\/\/pubeurope.com\/@se\/115675182186870834","error":""},"_links":{"self":[{"href":"https:\/\/www.europesays.com\/se\/wp-json\/wp\/v2\/posts\/98921","targetHints":{"allow":["GET"]}}],"collection":[{"href":"https:\/\/www.europesays.com\/se\/wp-json\/wp\/v2\/posts"}],"about":[{"href":"https:\/\/www.europesays.com\/se\/wp-json\/wp\/v2\/types\/post"}],"author":[{"embeddable":true,"href":"https:\/\/www.europesays.com\/se\/wp-json\/wp\/v2\/users\/2"}],"replies":[{"embeddable":true,"href":"https:\/\/www.europesays.com\/se\/wp-json\/wp\/v2\/comments?post=98921"}],"version-history":[{"count":0,"href":"https:\/\/www.europesays.com\/se\/wp-json\/wp\/v2\/posts\/98921\/revisions"}],"wp:featuredmedia":[{"embeddable":true,"href":"https:\/\/www.europesays.com\/se\/wp-json\/wp\/v2\/media\/98922"}],"wp:attachment":[{"href":"https:\/\/www.europesays.com\/se\/wp-json\/wp\/v2\/media?parent=98921"}],"wp:term":[{"taxonomy":"category","embeddable":true,"href":"https:\/\/www.europesays.com\/se\/wp-json\/wp\/v2\/categories?post=98921"},{"taxonomy":"post_tag","embeddable":true,"href":"https:\/\/www.europesays.com\/se\/wp-json\/wp\/v2\/tags?post=98921"}],"curies":[{"name":"wp","href":"https:\/\/api.w.org\/{rel}","templated":true}]}}