{"id":98956,"date":"2025-12-07T02:36:21","date_gmt":"2025-12-07T02:36:21","guid":{"rendered":"https:\/\/www.europesays.com\/se\/98956\/"},"modified":"2025-12-07T02:36:21","modified_gmt":"2025-12-07T02:36:21","slug":"power-rear-ut-tusentals-varor-for-329-kronor","status":"publish","type":"post","link":"https:\/\/www.europesays.com\/se\/98956\/","title":{"rendered":"Power rear ut tusentals varor \u2013 f\u00f6r 329 kronor"},"content":{"rendered":"<p>Stor \u00e4ndring v\u00e4ntar alla med Samsung-telefon<\/p>\n<p><strong>En stor f\u00f6r\u00e4ndring \u00e4r p\u00e5 g\u00e5ng f\u00f6r alla Samsung-anv\u00e4ndare.<\/strong><\/p>\n<p>Detaljerna om Samsungs kommande uppdatering One UI 8.5 har l\u00e4ckt ut.<\/p>\n<p>Enligt uppgifter kommer uppdateringen att inneh\u00e5lla en rad nya funktioner, rapporterar Android Police.<\/p>\n<p><strong>L\u00e4cka i f\u00f6rtid<\/strong><\/p>\n<p>Uppdateringen One UI 8.5 skulle egentligen presenteras officiellt n\u00e4sta \u00e5r, men tack vare en l\u00e4cka har detaljerna om vilka nyheter som v\u00e4ntar Samsung-anv\u00e4ndare avsl\u00f6jats.<\/p>\n<p>Enligt tekniksajten Android Police inneh\u00e5ller uppdateringen en l\u00e5ng rad f\u00f6rb\u00e4ttringar som g\u00f6r mobilen smartare, snabbare och mer anv\u00e4ndarv\u00e4nlig.<\/p>\n<p>\u2013 Det h\u00e4r \u00e4r det st\u00f6rsta steget f\u00f6r Bixby p\u00e5 flera \u00e5r. Assistenten blir mycket b\u00e4ttre p\u00e5 att f\u00f6rst\u00e5 naturligt spr\u00e5k och kan svara snabbare och mer precist, s\u00e4ger en k\u00e4lla som f\u00f6ljt utvecklingen, till sajten.<\/p>\n<p>Bland annat ska Bixby kunna hantera mer avancerade konversationer, styra smarta hemmet med egna ord och ge svar h\u00e4mtade direkt fr\u00e5n internet via samarbetet med AI-tj\u00e4nsten Perplexity.<\/p>\n<p>L\u00c4S MER:<a href=\"https:\/\/ekonomibladet.se\/har-ar-banken-med-hogst-ranta-just-nu-hela-listan\/\" rel=\"nofollow noopener\" target=\"_blank\"> H\u00e4r \u00e4r banken med h\u00f6gst r\u00e4nta just nu \u2013 hela listan<\/a><\/p>\n<p><strong>Fler funktioner<\/strong><\/p>\n<p>F\u00f6rutom en smartare Bixby f\u00e5r anv\u00e4ndarna en rad nya funktioner som f\u00f6renklar vardagen.<\/p>\n<p>Anv\u00e4ndare kan nu n\u00e5 filer fr\u00e5n mobil, surfplatta och dator direkt i appen Mina filer, spela in bara den del av sk\u00e4rmen man vill, och anpassa snabbinst\u00e4llningarna precis som man vill.<\/p>\n<p>Batteriet f\u00e5r ocks\u00e5 ett lyft med ett nytt energisparl\u00e4ge som kan r\u00e4cka l\u00e4ngre utan laddning, och batteriinformationen blir tydligare.<\/p>\n<p>Dessutom kan anv\u00e4ndare nu skicka r\u00f6stmeddelanden via Auracast, ansluta smartare till TV och andra sk\u00e4rmar, och hantera Bluetooth-h\u00f6rapparater enklare.<\/p>\n<p>F\u00f6r Galaxy Watch-anv\u00e4ndare blir det enklare att starta meditationer, dela tr\u00e4ningspass p\u00e5 sociala medier och till och med m\u00e4ta antioxidantniv\u00e5er direkt fr\u00e5n klockan.<\/p>\n<p><strong>Slutgiltig version<\/strong><\/p>\n<p>Enligt uppgifter fr\u00e5n Android Police startar betaprogrammet redan den 8 december, men som vanligt kommer betan inte finnas tillg\u00e4nglig i Sverige.<\/p>\n<p>\u2013 Betaprogrammet f\u00f6r One UI 8.5 kan starta redan n\u00e4sta vecka. I f\u00f6rsta fasen kan betan vara begr\u00e4nsad till Galaxy S25-\u00e4gare i USA, Storbritannien, Korea och Tyskland. Senare under m\u00e5naden kommer det ut\u00f6kas till fler l\u00e4nder, inklusive Indien och Polen, med den andra betafasen, uppger Android Police.<\/p>\n<p>Den slutgiltiga versionen av One UI 8.5 v\u00e4ntas rullas ut i samband med n\u00e4sta \u00e5rs toppmodeller i januari.<\/p>\n<p>L\u00c4S MER: <a href=\"https:\/\/ekonomibladet.se\/angest-i-usa-tvingas-betala-100-miljarder-varje-vecka\/\" rel=\"nofollow noopener\" target=\"_blank\">\u00c5ngest i USA \u2013 tvingas betala 100 miljarder varje vecka<\/a><\/p>\n<p>Foto: Amanz<\/p>\n<p>Text: Redaktionen<\/p>\n","protected":false},"excerpt":{"rendered":"Stor \u00e4ndring v\u00e4ntar alla med Samsung-telefon En stor f\u00f6r\u00e4ndring \u00e4r p\u00e5 g\u00e5ng f\u00f6r alla Samsung-anv\u00e4ndare. Detaljerna om Samsungs&hellip;\n","protected":false},"author":2,"featured_media":98957,"comment_status":"","ping_status":"","sticky":false,"template":"","format":"standard","meta":{"footnotes":""},"categories":[65],"tags":[72,70,71,34,31,33,32,30],"class_list":{"0":"post-98956","1":"post","2":"type-post","3":"status-publish","4":"format-standard","5":"has-post-thumbnail","7":"category-ekonomi","8":"tag-business","9":"tag-economy","10":"tag-ekonomi","11":"tag-se","12":"tag-svenska","13":"tag-sverige","14":"tag-sweden","15":"tag-swedish"},"share_on_mastodon":{"url":"https:\/\/pubeurope.com\/@se\/115675960683001791","error":""},"_links":{"self":[{"href":"https:\/\/www.europesays.com\/se\/wp-json\/wp\/v2\/posts\/98956","targetHints":{"allow":["GET"]}}],"collection":[{"href":"https:\/\/www.europesays.com\/se\/wp-json\/wp\/v2\/posts"}],"about":[{"href":"https:\/\/www.europesays.com\/se\/wp-json\/wp\/v2\/types\/post"}],"author":[{"embeddable":true,"href":"https:\/\/www.europesays.com\/se\/wp-json\/wp\/v2\/users\/2"}],"replies":[{"embeddable":true,"href":"https:\/\/www.europesays.com\/se\/wp-json\/wp\/v2\/comments?post=98956"}],"version-history":[{"count":0,"href":"https:\/\/www.europesays.com\/se\/wp-json\/wp\/v2\/posts\/98956\/revisions"}],"wp:featuredmedia":[{"embeddable":true,"href":"https:\/\/www.europesays.com\/se\/wp-json\/wp\/v2\/media\/98957"}],"wp:attachment":[{"href":"https:\/\/www.europesays.com\/se\/wp-json\/wp\/v2\/media?parent=98956"}],"wp:term":[{"taxonomy":"category","embeddable":true,"href":"https:\/\/www.europesays.com\/se\/wp-json\/wp\/v2\/categories?post=98956"},{"taxonomy":"post_tag","embeddable":true,"href":"https:\/\/www.europesays.com\/se\/wp-json\/wp\/v2\/tags?post=98956"}],"curies":[{"name":"wp","href":"https:\/\/api.w.org\/{rel}","templated":true}]}}