{"id":98990,"date":"2025-12-07T05:06:14","date_gmt":"2025-12-07T05:06:14","guid":{"rendered":"https:\/\/www.europesays.com\/se\/98990\/"},"modified":"2025-12-07T05:06:14","modified_gmt":"2025-12-07T05:06:14","slug":"karlstroms-markliga-malfirande-sankte-rogle","status":"publish","type":"post","link":"https:\/\/www.europesays.com\/se\/98990\/","title":{"rendered":"Karlstr\u00f6ms m\u00e4rkliga m\u00e5lfirande \u2013 s\u00e4nkte R\u00f6gle"},"content":{"rendered":"<p>Publicerad 6 dec 2025 kl 20.13Uppdaterad kl 20.28<\/p>\n<p>Fredrik Karlstr\u00f6m hade precis f\u00e5tt ett m\u00e5l bortd\u00f6mt.\u00a0<\/p>\n<p>D\u00e4rf\u00f6r valde LHC-stj\u00e4rnan en m\u00e4rklig m\u00e5lgest n\u00e4r han gjorde det matchvinnande m\u00e5let mot R\u00f6gle. \u00a0<\/p>\n<p>\u2013 Det svartnar till, s\u00e4ger Karlstr\u00f6m i TV4 Play.\u00a0<\/p>\n<p><img loading=\"lazy\"   alt=\"\"\/><\/p>\n<p>Fredrik Karlstr\u00f6ms m\u00e5lgest.<\/p>\n<p>Foto: NICLAS J\u00d6NSSON \/ BILDBYR\u00c5N<\/p>\n<p>\u00d6ppna bild i helsk\u00e4rm<img loading=\"lazy\"   alt=\"\"\/> <\/p>\n<p>Foto: NICLAS J\u00d6NSSON \/ BILDBYR\u00c5N<\/p>\n<p>\u00d6ppna bild i helsk\u00e4rm<\/p>\n<p>Link\u00f6ping hade chansen att skapa ett rej\u00e4lt avst\u00e5nd till HV71 p\u00e5 negativt kval under l\u00f6rdagskv\u00e4llen. Fredrik Karlstr\u00f6m gav bortalaget ledningen mot R\u00f6gle, men Albin Sundsvik svarade och kvitterade precis innan pausvilan.\u00a0<\/p>\n<p>Men det var Fredrik Karlstr\u00f6ms kv\u00e4ll. I powerplay gjorde han 2\u20131 och firade genom att peka mot m\u00e5let som m\u00e5lgest.\u00a0<\/p>\n<p>Anledningen? Innan m\u00e5let hade Karlstr\u00f6m precis f\u00e5tt ett m\u00e5l bortd\u00f6mt. Ett f\u00f6r \u00f6vrigt korrekt domslut.\u00a0<\/p>\n<p>\u2013 S\u00e5 det blir det f\u00f6r mig. Det svartnar till lite efter m\u00e5len. Man kanske inte ska h\u00e5lla p\u00e5 s\u00e5 med s\u00e5dana m\u00e5lgester, men det var sk\u00f6nt att trycka dit den, s\u00e4ger Karlstr\u00f6rm.\u00a0<\/p>\n<p>I den tredje perioden jagade R\u00f6gle, men sk\u00e5ningarna lyckades inte f\u00e5 h\u00e5l p\u00e5 Jesper Myrenberg i LHC-m\u00e5let. I st\u00e4llet satte Christoffer Ehn 3\u20131-m\u00e5let i \u00f6ppen bur.\u00a0<\/p>\n<p>Tre po\u00e4ng till \u00d6sterg\u00f6tland vad ett faktum. Det betyder att LHC passerar Lule\u00e5 och har sex po\u00e4ng ner till HV71 p\u00e5 kvalplats.\u00a0<\/p>\n<p>\u2013 Det var riktigt sk\u00f6nt. Sk\u00f6n l\u00f6rdag. Andra segern borta mot R\u00f6gle ocks\u00e5, s\u00e4ger Fredrik Karlstr\u00f6m och forts\u00e4tter.\u00a0<\/p>\n<p>\u2013 Vi har en riktigt starkt defensiv. De skapar knappt n\u00e5got i den tredje.\u00a0<\/p>\n","protected":false},"excerpt":{"rendered":"Publicerad 6 dec 2025 kl 20.13Uppdaterad kl 20.28 Fredrik Karlstr\u00f6m hade precis f\u00e5tt ett m\u00e5l bortd\u00f6mt.\u00a0 D\u00e4rf\u00f6r valde&hellip;\n","protected":false},"author":2,"featured_media":98991,"comment_status":"","ping_status":"","sticky":false,"template":"","format":"standard","meta":{"footnotes":""},"categories":[68],"tags":[2025,1015,34,255,823,111,110,31,33,32,30],"class_list":{"0":"post-98990","1":"post","2":"type-post","3":"status-publish","4":"format-standard","5":"has-post-thumbnail","7":"category-sport","8":"tag-organization-linkoping-hc","9":"tag-organization-rogle-bk","10":"tag-se","11":"tag-sections-ishockey","12":"tag-sections-shl","13":"tag-sport","14":"tag-sports","15":"tag-svenska","16":"tag-sverige","17":"tag-sweden","18":"tag-swedish"},"share_on_mastodon":{"url":"https:\/\/pubeurope.com\/@se\/115676550466440528","error":""},"_links":{"self":[{"href":"https:\/\/www.europesays.com\/se\/wp-json\/wp\/v2\/posts\/98990","targetHints":{"allow":["GET"]}}],"collection":[{"href":"https:\/\/www.europesays.com\/se\/wp-json\/wp\/v2\/posts"}],"about":[{"href":"https:\/\/www.europesays.com\/se\/wp-json\/wp\/v2\/types\/post"}],"author":[{"embeddable":true,"href":"https:\/\/www.europesays.com\/se\/wp-json\/wp\/v2\/users\/2"}],"replies":[{"embeddable":true,"href":"https:\/\/www.europesays.com\/se\/wp-json\/wp\/v2\/comments?post=98990"}],"version-history":[{"count":0,"href":"https:\/\/www.europesays.com\/se\/wp-json\/wp\/v2\/posts\/98990\/revisions"}],"wp:featuredmedia":[{"embeddable":true,"href":"https:\/\/www.europesays.com\/se\/wp-json\/wp\/v2\/media\/98991"}],"wp:attachment":[{"href":"https:\/\/www.europesays.com\/se\/wp-json\/wp\/v2\/media?parent=98990"}],"wp:term":[{"taxonomy":"category","embeddable":true,"href":"https:\/\/www.europesays.com\/se\/wp-json\/wp\/v2\/categories?post=98990"},{"taxonomy":"post_tag","embeddable":true,"href":"https:\/\/www.europesays.com\/se\/wp-json\/wp\/v2\/tags?post=98990"}],"curies":[{"name":"wp","href":"https:\/\/api.w.org\/{rel}","templated":true}]}}