{"id":98999,"date":"2025-12-07T05:20:10","date_gmt":"2025-12-07T05:20:10","guid":{"rendered":"https:\/\/www.europesays.com\/se\/98999\/"},"modified":"2025-12-07T05:20:10","modified_gmt":"2025-12-07T05:20:10","slug":"regeringens-indragna-uppehallstillstand-skulle-skada-rattssakerheten","status":"publish","type":"post","link":"https:\/\/www.europesays.com\/se\/98999\/","title":{"rendered":"Regeringens indragna uppeh\u00e5llstillst\u00e5nd skulle skada r\u00e4ttss\u00e4kerheten"},"content":{"rendered":"<p class=\"kicker color_mobile_no_bg_color tertiary color_mobile_tertiary\" style=\"\">Nyheter<\/p>\n<p>    Svenska kyrkans \u00e4rkebiskope starkt kritisk mot f\u00f6rslaget att dra in\u00a0permanenta uppeh\u00e5llstillst\u00e5nd<\/p>\n<p>\n        Martin Mod\u00e9us, Svenska kyrkans \u00e4rkebiskop.<br \/>\n        Amanda Lindgren\n    <\/p>\n<p>    Om Sverige\u00a0skulle b\u00f6rja \u00e5terkalla permanenta uppeh\u00e5llstillst\u00e5nd skadas r\u00e4ttss\u00e4kerheten och tilliten till samh\u00e4llet. Det s\u00e4ger Svenska kyrkans \u00e4rkebiskop om ett f\u00f6rslag som lagts fram av regeringens utredare.<\/p>\n","protected":false},"excerpt":{"rendered":"Nyheter Svenska kyrkans \u00e4rkebiskope starkt kritisk mot f\u00f6rslaget att dra in\u00a0permanenta uppeh\u00e5llstillst\u00e5nd Martin Mod\u00e9us, Svenska kyrkans \u00e4rkebiskop. Amanda&hellip;\n","protected":false},"author":2,"featured_media":99000,"comment_status":"","ping_status":"","sticky":false,"template":"","format":"standard","meta":{"footnotes":""},"categories":[12],"tags":[22,23,26,27,17,21,24,25,28,29,15,16,18,34,31,33,32,30,19,20],"class_list":{"0":"post-98999","1":"post","2":"type-post","3":"status-publish","4":"format-standard","5":"has-post-thumbnail","7":"category-sverige","8":"tag-breaking-news","9":"tag-breakingnews","10":"tag-featured-news","11":"tag-featurednews","12":"tag-headlines","13":"tag-huvudnyheter","14":"tag-latest-news","15":"tag-latestnews","16":"tag-main-news","17":"tag-mainnews","18":"tag-news","19":"tag-nyheter","20":"tag-rubriker","21":"tag-se","22":"tag-svenska","23":"tag-sverige","24":"tag-sweden","25":"tag-swedish","26":"tag-top-stories","27":"tag-topstories"},"share_on_mastodon":{"url":"https:\/\/pubeurope.com\/@se\/115676605569564508","error":""},"_links":{"self":[{"href":"https:\/\/www.europesays.com\/se\/wp-json\/wp\/v2\/posts\/98999","targetHints":{"allow":["GET"]}}],"collection":[{"href":"https:\/\/www.europesays.com\/se\/wp-json\/wp\/v2\/posts"}],"about":[{"href":"https:\/\/www.europesays.com\/se\/wp-json\/wp\/v2\/types\/post"}],"author":[{"embeddable":true,"href":"https:\/\/www.europesays.com\/se\/wp-json\/wp\/v2\/users\/2"}],"replies":[{"embeddable":true,"href":"https:\/\/www.europesays.com\/se\/wp-json\/wp\/v2\/comments?post=98999"}],"version-history":[{"count":0,"href":"https:\/\/www.europesays.com\/se\/wp-json\/wp\/v2\/posts\/98999\/revisions"}],"wp:featuredmedia":[{"embeddable":true,"href":"https:\/\/www.europesays.com\/se\/wp-json\/wp\/v2\/media\/99000"}],"wp:attachment":[{"href":"https:\/\/www.europesays.com\/se\/wp-json\/wp\/v2\/media?parent=98999"}],"wp:term":[{"taxonomy":"category","embeddable":true,"href":"https:\/\/www.europesays.com\/se\/wp-json\/wp\/v2\/categories?post=98999"},{"taxonomy":"post_tag","embeddable":true,"href":"https:\/\/www.europesays.com\/se\/wp-json\/wp\/v2\/tags?post=98999"}],"curies":[{"name":"wp","href":"https:\/\/api.w.org\/{rel}","templated":true}]}}