{"id":99001,"date":"2025-12-07T05:28:12","date_gmt":"2025-12-07T05:28:12","guid":{"rendered":"https:\/\/www.europesays.com\/se\/99001\/"},"modified":"2025-12-07T05:28:12","modified_gmt":"2025-12-07T05:28:12","slug":"eu-stod-till-ukraina-formas-putin-hotar-europa","status":"publish","type":"post","link":"https:\/\/www.europesays.com\/se\/99001\/","title":{"rendered":"EU-st\u00f6d till Ukraina formas \u2013 Putin hotar Europa"},"content":{"rendered":"<p dir=\"ltr\">Sedan i onsdags finns\u00a0<a href=\"https:\/\/www.europaportalen.se\/2025\/12\/tva-alternativ-ska-ge-ukraina-avgorande-eu-stod\" rel=\"nofollow noopener\" target=\"_blank\">tv\u00e5 konkreta f\u00f6rslag<\/a> om nytt Ukrainast\u00f6d f\u00f6r EU-l\u00e4nderna att\u00a0 ta st\u00e4llning till p\u00e5 EU-toppm\u00f6tet om tv\u00e5 veckor. De kommande tv\u00e5 \u00e5ren ska EU st\u00f6tta landet med 90 av de 135 miljarder euro som anses beh\u00f6vas f\u00f6r att Ukraina ska kunna st\u00e5 emot den ryska aggressorn. Fr\u00e5gan \u00e4r om EU ska finansiera st\u00f6det sj\u00e4lva eller om de frysta ryska tillg\u00e5ngarna ska anv\u00e4ndas, eller kanske b\u00e5da, \u00e5tminstone p\u00e5 sikt.<\/p>\n<p dir=\"ltr\">P\u00e5 s\u00f6ndagen m\u00f6ttes USA och Ukraina i Florida, n\u00e5got b\u00e5da parter bed\u00f6mde som\u00a0framg\u00e5ngsrikt.\u00a0<a href=\"https:\/\/www.europaportalen.se\/2025\/12\/amerikanskt-sandebud-pa-vag-till-moskva-efter-produktiva-samtal-med-ukraina\" rel=\"nofollow noopener\" target=\"_blank\">Enligt uppgift<\/a> kretsade diskussionerna kring tre k\u00e4rnfr\u00e5gor: S\u00e4kerhetsgarantier, Natomedlemskap och landavtr\u00e4delser.\u00a0<\/p>\n<p dir=\"ltr\">De amerikansk-ryska f\u00f6rhandlingarna p\u00e5 tisdagen i Moskva om Ukraina avslutades utan en \u00f6verenskommelse. I samband med m\u00f6tet\u00a0varnade landets diktator Vladimir Putin att Ryssland \u00e4r redo f\u00f6r\u00a0<a href=\"https:\/\/www.europaportalen.se\/2025\/12\/moskvasamtal-slutade-utan-genombrott\" rel=\"nofollow noopener\" target=\"_blank\">krig med Europa<\/a>.<br \/>\u2013 Vi har ingen avsikt att strida mot Europa (&#8230;) men om Europa vill ha krig \u00e4r vi redo just nu, sade Putin.<\/p>\n<p dir=\"ltr\">Enligt USA:s nya nationella\u00a0<a href=\"https:\/\/www.europaportalen.se\/notis\/2025\/12\/dystopisk-amerikansk-vision-europa-riskerar-utplaning-raddas-av-nationalism-och\" rel=\"nofollow noopener\" target=\"_blank\">s\u00e4kerhetsstrategi<\/a>,\u00a0\u00e4r Europa p\u00e5 villov\u00e4gar som kan leda till att\u00a0dess civilisation utpl\u00e5nas. \u201cV\u00e5rt m\u00e5l \u00e4r att hj\u00e4lpa Europa att korrigera sin nuvarande bana\u201d. Situationen kan, enligt USA, r\u00e4ddas av \u201cdet v\u00e4xande inflytandet av patriotiska europeiska partier\u201d n\u00e5got som ger \u201cverkligen anledning till stor optimism\u201d, heter det.<\/p>\n<p dir=\"ltr\"><strong>Det kan ocks\u00e5 noteras<\/strong>:<\/p>\n<p dir=\"ltr\">\u2026 att EU-kommissionen i veckan lade fram\u00a0<a href=\"https:\/\/www.europaportalen.se\/2025\/12\/eu-forslag-ska-minska-beroende-av-kinas-ravarugrepp\" rel=\"nofollow noopener\" target=\"_blank\">en omfattande plan<\/a> f\u00f6r att minska unionens negativa handelsberoende av Kina och andra l\u00e4nder,\u00a0<\/p>\n<p dir=\"ltr\">\u2026 att EU-l\u00e4ndernas regeringar och EU-parlamentet blivit \u00f6verens\u00a0om nya gemensamma\u00a0<a href=\"https:\/\/www.europaportalen.se\/2025\/12\/eu-uppgorelse-om-nya-gemensamma-korruptionslagar\" rel=\"nofollow noopener\" target=\"_blank\">minimiregler mot korruption<\/a>,<\/p>\n<p>\u2026 att EU-kommissionen lovar att under 2026 uppdatera EU:s regelverk f\u00f6r att b\u00e4ttre\u00a0<a href=\"https:\/\/www.europaportalen.se\/2025\/12\/ny-lag-om-kvalitetsjobb-ska-sakra-eus-konkurrenskraft\" rel=\"nofollow noopener\" target=\"_blank\">skydda anst\u00e4llda<\/a>.<\/p>\n","protected":false},"excerpt":{"rendered":"Sedan i onsdags finns\u00a0tv\u00e5 konkreta f\u00f6rslag om nytt Ukrainast\u00f6d f\u00f6r EU-l\u00e4nderna att\u00a0 ta st\u00e4llning till p\u00e5 EU-toppm\u00f6tet om&hellip;\n","protected":false},"author":2,"featured_media":99002,"comment_status":"","ping_status":"","sticky":false,"template":"","format":"standard","meta":{"footnotes":""},"categories":[14],"tags":[22,23,26,27,17,21,24,25,28,29,15,16,18,34,31,33,32,30,19,20,51,52,53,54],"class_list":{"0":"post-99001","1":"post","2":"type-post","3":"status-publish","4":"format-standard","5":"has-post-thumbnail","7":"category-varlden","8":"tag-breaking-news","9":"tag-breakingnews","10":"tag-featured-news","11":"tag-featurednews","12":"tag-headlines","13":"tag-huvudnyheter","14":"tag-latest-news","15":"tag-latestnews","16":"tag-main-news","17":"tag-mainnews","18":"tag-news","19":"tag-nyheter","20":"tag-rubriker","21":"tag-se","22":"tag-svenska","23":"tag-sverige","24":"tag-sweden","25":"tag-swedish","26":"tag-top-stories","27":"tag-topstories","28":"tag-varlden","29":"tag-world","30":"tag-world-news","31":"tag-worldnews"},"share_on_mastodon":{"url":"https:\/\/pubeurope.com\/@se\/115676637082306272","error":""},"_links":{"self":[{"href":"https:\/\/www.europesays.com\/se\/wp-json\/wp\/v2\/posts\/99001","targetHints":{"allow":["GET"]}}],"collection":[{"href":"https:\/\/www.europesays.com\/se\/wp-json\/wp\/v2\/posts"}],"about":[{"href":"https:\/\/www.europesays.com\/se\/wp-json\/wp\/v2\/types\/post"}],"author":[{"embeddable":true,"href":"https:\/\/www.europesays.com\/se\/wp-json\/wp\/v2\/users\/2"}],"replies":[{"embeddable":true,"href":"https:\/\/www.europesays.com\/se\/wp-json\/wp\/v2\/comments?post=99001"}],"version-history":[{"count":0,"href":"https:\/\/www.europesays.com\/se\/wp-json\/wp\/v2\/posts\/99001\/revisions"}],"wp:featuredmedia":[{"embeddable":true,"href":"https:\/\/www.europesays.com\/se\/wp-json\/wp\/v2\/media\/99002"}],"wp:attachment":[{"href":"https:\/\/www.europesays.com\/se\/wp-json\/wp\/v2\/media?parent=99001"}],"wp:term":[{"taxonomy":"category","embeddable":true,"href":"https:\/\/www.europesays.com\/se\/wp-json\/wp\/v2\/categories?post=99001"},{"taxonomy":"post_tag","embeddable":true,"href":"https:\/\/www.europesays.com\/se\/wp-json\/wp\/v2\/tags?post=99001"}],"curies":[{"name":"wp","href":"https:\/\/api.w.org\/{rel}","templated":true}]}}