{"id":99008,"date":"2025-12-07T06:01:15","date_gmt":"2025-12-07T06:01:15","guid":{"rendered":"https:\/\/www.europesays.com\/se\/99008\/"},"modified":"2025-12-07T06:01:15","modified_gmt":"2025-12-07T06:01:15","slug":"palestinier-dodade-av-israeliska-soldater-expressen","status":"publish","type":"post","link":"https:\/\/www.europesays.com\/se\/99008\/","title":{"rendered":"Palestinier d\u00f6dade av israeliska soldater &#8211; Expressen"},"content":{"rendered":"<ol>\n<li><a href=\"https:\/\/news.google.com\/rss\/articles\/CBMilwFBVV95cUxPVkQ3VHFoUXFIMkg1Q2NNd2g0Njhsa1pJSUYxX211T1JZcFV5NWVJemhxQmhZa2dEaFNfQjA0RDlNdm43aE9UNjBuQ252Z0FNd2ZnVlRRc3pPSWcwTnhoZmNHYW5IU2xDZ3psbGtYZWltdjc1LWtmQVJneGVpb1E5VWtIRm9iamhJZUpxRjlXT0E5V1V0eWRZ?oc=5\" target=\"_blank\" rel=\"nofollow noopener\">Palestinier d\u00f6dade av israeliska soldater<\/a>&nbsp;&nbsp;Expressen<\/li>\n<li><a href=\"https:\/\/news.google.com\/rss\/articles\/CBMiigFBVV95cUxNVS1mazlUYW1XOFdmVHg3MUpoTG9xa3VqTmQzNUtiN0hLaXVaOHpiNlRDOXZoeHc2MThnMW05T2t2OW1SLXdhVHRSbjRFVFhLb3dRa256bUJuemlpRjB6RHozMVV2T3p0RUo2TnA1T3k2dWZSS0w4ZW9VM2pTRk5OaVNrcmJYanpyUGc?oc=5\" target=\"_blank\" rel=\"nofollow noopener\">Tv\u00e5 palestinier d\u00f6dade av Israel vid v\u00e4gsp\u00e4rr<\/a>&nbsp;&nbsp;Aftonbladet<\/li>\n<li><a href=\"https:\/\/news.google.com\/rss\/articles\/CBMikwFBVV95cUxQRVlibGlrVkQxVWwxcDl4ZEtmYW0xcjduN003amVwQ0dkcTJvLXo5eXhaY19QeVdFTzg3VWhQRldoc18tXzMyemtvbFhwa3dWcDVfOHB1Y0hRSmVzTTZSMnh2cVdQekl5S1BEcU1Fc0g3eU9hSnZrQ3FlamdtVG9reWVGaHh3ZXpfNzFsRDFyQy0wRUE?oc=5\" target=\"_blank\" rel=\"nofollow noopener\">Uppgifter: Tv\u00e5 palestinier d\u00f6dade p\u00e5 V\u00e4stbanken<\/a>&nbsp;&nbsp;Sveriges Radio<\/li>\n<li><a href=\"https:\/\/news.google.com\/rss\/articles\/CBMikgFBVV95cUxPM0pSYngyR2JPMGJ5Z0xlVUhDR3haUjZZcC1HR0VnTTFqd3VNd3ZnUk1hOTgwei1hOFFfS1pycmNpNDJLaDFNQkxrNFM4TnA0Z0FDQ2M2cHFuTE1CMjdORU9UXzR5dEJMSnlPU3kzRjZiUHZ4MEdvTWhpMzMwaUZyQ3d2b3dBMGQxdDBFRDRFeVhGZw?oc=5\" target=\"_blank\" rel=\"nofollow noopener\">Fru till d\u00f6dad man i Jenin: \u201dJag vill \u00e5terf\u00e5 hans kropp\u201d<\/a>&nbsp;&nbsp;SVT Nyheter<\/li>\n<li><a href=\"https:\/\/news.google.com\/rss\/articles\/CBMiiAFBVV95cUxONGhGdXVNOG9sOFhydDRoOVVQa3o4UDQ1d2F5bmFkV20wamhjZ1RVSjFsNTdvT3N3bjlqZDdGYXRRYl8xdU50LXhuWlljZlgwTGxuY0ZWVEFIRDhLTHhwTVVHNlJ4RGw5ZjdJR3VoeDE3bnRIcjROWU9FbTctZ3pZcWQ2QTNjZTB0?oc=5\" target=\"_blank\" rel=\"nofollow noopener\">Edgar Mannheimer: Israels d\u00f6dliga \u201dvapenvila\u201d blottar omv\u00e4rldens hyckleri<\/a>&nbsp;&nbsp;ETC.se<\/li>\n<\/ol>\n","protected":false},"excerpt":{"rendered":"Palestinier d\u00f6dade av israeliska soldater&nbsp;&nbsp;Expressen Tv\u00e5 palestinier d\u00f6dade av Israel vid v\u00e4gsp\u00e4rr&nbsp;&nbsp;Aftonbladet Uppgifter: Tv\u00e5 palestinier d\u00f6dade p\u00e5 V\u00e4stbanken&nbsp;&nbsp;Sveriges&hellip;\n","protected":false},"author":2,"featured_media":39,"comment_status":"","ping_status":"","sticky":false,"template":"","format":"standard","meta":{"footnotes":""},"categories":[14],"tags":[22,23,26,27,35,17,21,24,25,28,29,15,16,18,34,31,33,32,30,19,20,51,52,53,54],"class_list":{"0":"post-99008","1":"post","2":"type-post","3":"status-publish","4":"format-standard","5":"has-post-thumbnail","7":"category-varlden","8":"tag-breaking-news","9":"tag-breakingnews","10":"tag-featured-news","11":"tag-featurednews","12":"tag-function-ta-bort-ai-rost","13":"tag-headlines","14":"tag-huvudnyheter","15":"tag-latest-news","16":"tag-latestnews","17":"tag-main-news","18":"tag-mainnews","19":"tag-news","20":"tag-nyheter","21":"tag-rubriker","22":"tag-se","23":"tag-svenska","24":"tag-sverige","25":"tag-sweden","26":"tag-swedish","27":"tag-top-stories","28":"tag-topstories","29":"tag-varlden","30":"tag-world","31":"tag-world-news","32":"tag-worldnews"},"share_on_mastodon":{"url":"https:\/\/pubeurope.com\/@se\/115676766778409557","error":""},"_links":{"self":[{"href":"https:\/\/www.europesays.com\/se\/wp-json\/wp\/v2\/posts\/99008","targetHints":{"allow":["GET"]}}],"collection":[{"href":"https:\/\/www.europesays.com\/se\/wp-json\/wp\/v2\/posts"}],"about":[{"href":"https:\/\/www.europesays.com\/se\/wp-json\/wp\/v2\/types\/post"}],"author":[{"embeddable":true,"href":"https:\/\/www.europesays.com\/se\/wp-json\/wp\/v2\/users\/2"}],"replies":[{"embeddable":true,"href":"https:\/\/www.europesays.com\/se\/wp-json\/wp\/v2\/comments?post=99008"}],"version-history":[{"count":0,"href":"https:\/\/www.europesays.com\/se\/wp-json\/wp\/v2\/posts\/99008\/revisions"}],"wp:featuredmedia":[{"embeddable":true,"href":"https:\/\/www.europesays.com\/se\/wp-json\/wp\/v2\/media\/39"}],"wp:attachment":[{"href":"https:\/\/www.europesays.com\/se\/wp-json\/wp\/v2\/media?parent=99008"}],"wp:term":[{"taxonomy":"category","embeddable":true,"href":"https:\/\/www.europesays.com\/se\/wp-json\/wp\/v2\/categories?post=99008"},{"taxonomy":"post_tag","embeddable":true,"href":"https:\/\/www.europesays.com\/se\/wp-json\/wp\/v2\/tags?post=99008"}],"curies":[{"name":"wp","href":"https:\/\/api.w.org\/{rel}","templated":true}]}}