{"id":99049,"date":"2025-12-07T07:11:11","date_gmt":"2025-12-07T07:11:11","guid":{"rendered":"https:\/\/www.europesays.com\/se\/99049\/"},"modified":"2025-12-07T07:11:11","modified_gmt":"2025-12-07T07:11:11","slug":"mys-i-kristerssons-kok-efter-hostens-tidobrak","status":"publish","type":"post","link":"https:\/\/www.europesays.com\/se\/99049\/","title":{"rendered":"\u201dMys\u201d i Kristerssons k\u00f6k \u2013 efter h\u00f6stens Tid\u00f6br\u00e5k"},"content":{"rendered":"<p>Tid\u00f6ledarna ska p\u00e5 tisdag tr\u00e4ffas i Ulf Kristerssons k\u00f6k f\u00f6r en uppvisning av enighet efter h\u00f6stens interna konflikter, skriver TT. Statsministern har lovat att arbetslunchen med tillh\u00f6rande fototillf\u00e4lle i Str\u00e4ngn\u00e4s kommer att bli \u201dcosy\u201d.<\/p>\n<p>Jimmie \u00c5kesson (SD), Ebba Busch (KD) och Simona Mohamsson (L) st\u00e5r p\u00e5 g\u00e4stlistan n\u00e4r samarbetspartierna ska best\u00e4mma den politiska riktningen fram\u00e5t.<\/p>\n<p>\u2013 Jag tror att det tydligt kommer att visa att inf\u00f6r n\u00e4sta val finns det egentligen bara ett samlat regeringsalternativ, s\u00e4ger Ebba Busch om m\u00f6tet, som hon tidigare antytt var viktigare f\u00f6r Moderaterna \u00e4n f\u00f6r Kristdemokraterna.<\/p>\n<p>Omni \u00e4r politiskt obundna och oberoende. Vi str\u00e4var efter att ge fler perspektiv p\u00e5 nyheterna. Har du fr\u00e5gor eller synpunkter kring v\u00e5r rapportering? <a href=\"https:\/\/omni.se\/mys-i-kristerssons-kok-efter-hostens-tidobrak\/a\/mailto:redaktion@omni.se\" class=\"ArticleActions_contactLink__W2F1M\" rel=\"nofollow noopener\" target=\"_blank\">Kontakta redaktionen<\/a><\/p>\n","protected":false},"excerpt":{"rendered":"Tid\u00f6ledarna ska p\u00e5 tisdag tr\u00e4ffas i Ulf Kristerssons k\u00f6k f\u00f6r en uppvisning av enighet efter h\u00f6stens interna konflikter,&hellip;\n","protected":false},"author":2,"featured_media":99050,"comment_status":"","ping_status":"","sticky":false,"template":"","format":"standard","meta":{"footnotes":""},"categories":[5],"tags":[22,23,1106,26,27,17,21,1562,1107,24,25,639,28,29,551,15,16,369,18,34,1980,1547,1546,31,33,617,32,30,19,20,1111,3416],"class_list":{"0":"post-99049","1":"post","2":"type-post","3":"status-publish","4":"format-standard","5":"has-post-thumbnail","7":"category-rubriker","8":"tag-breaking-news","9":"tag-breakingnews","10":"tag-ebba-busch","11":"tag-featured-news","12":"tag-featurednews","13":"tag-headlines","14":"tag-huvudnyheter","15":"tag-jimmie-akesson","16":"tag-kristdemokraterna","17":"tag-latest-news","18":"tag-latestnews","19":"tag-liberalerna","20":"tag-main-news","21":"tag-mainnews","22":"tag-moderaterna","23":"tag-news","24":"tag-nyheter","25":"tag-politik","26":"tag-rubriker","27":"tag-se","28":"tag-simona-mohamsson","29":"tag-sodermanlands-lan","30":"tag-strangnas","31":"tag-svenska","32":"tag-sverige","33":"tag-sverigedemokraterna","34":"tag-sweden","35":"tag-swedish","36":"tag-top-stories","37":"tag-topstories","38":"tag-ulf-kristersson","39":"tag-valet-2026"},"share_on_mastodon":{"url":"https:\/\/pubeurope.com\/@se\/115677041975664616","error":""},"_links":{"self":[{"href":"https:\/\/www.europesays.com\/se\/wp-json\/wp\/v2\/posts\/99049","targetHints":{"allow":["GET"]}}],"collection":[{"href":"https:\/\/www.europesays.com\/se\/wp-json\/wp\/v2\/posts"}],"about":[{"href":"https:\/\/www.europesays.com\/se\/wp-json\/wp\/v2\/types\/post"}],"author":[{"embeddable":true,"href":"https:\/\/www.europesays.com\/se\/wp-json\/wp\/v2\/users\/2"}],"replies":[{"embeddable":true,"href":"https:\/\/www.europesays.com\/se\/wp-json\/wp\/v2\/comments?post=99049"}],"version-history":[{"count":0,"href":"https:\/\/www.europesays.com\/se\/wp-json\/wp\/v2\/posts\/99049\/revisions"}],"wp:featuredmedia":[{"embeddable":true,"href":"https:\/\/www.europesays.com\/se\/wp-json\/wp\/v2\/media\/99050"}],"wp:attachment":[{"href":"https:\/\/www.europesays.com\/se\/wp-json\/wp\/v2\/media?parent=99049"}],"wp:term":[{"taxonomy":"category","embeddable":true,"href":"https:\/\/www.europesays.com\/se\/wp-json\/wp\/v2\/categories?post=99049"},{"taxonomy":"post_tag","embeddable":true,"href":"https:\/\/www.europesays.com\/se\/wp-json\/wp\/v2\/tags?post=99049"}],"curies":[{"name":"wp","href":"https:\/\/api.w.org\/{rel}","templated":true}]}}