{"id":99051,"date":"2025-12-07T07:15:19","date_gmt":"2025-12-07T07:15:19","guid":{"rendered":"https:\/\/www.europesays.com\/se\/99051\/"},"modified":"2025-12-07T07:15:19","modified_gmt":"2025-12-07T07:15:19","slug":"test-sigma-500mm-f-56-dg-dn-os-sport-lag-vikt-men-hog-prestanda","status":"publish","type":"post","link":"https:\/\/www.europesays.com\/se\/99051\/","title":{"rendered":"Test: Sigma 500mm f\/5,6 DG DN OS Sport &#8211; L\u00e5g vikt men h\u00f6g prestanda"},"content":{"rendered":"<p>    I l\u00f6pande text st\u00e5r att &#8221;Dock \u00e4r det v\u00e4rt att n\u00e4mna att jag testade objektivet med \u00e4n \u00e4ldre kameramodell (A7R III).&#8221;<br \/>\nI bildtexterna anges en annan kamera &#8221; Bilddata: Sony A7 III med Sigma 500mm f\/5.6 DG DN Sport, f\/8, 1\/160 sek, ISO 125.&#8221;<\/p>\n<p>Sony A7R-3 skiljer sig ganska mycket fr\u00e5n Sony A7-3, inte minst betr\u00e4ffande uppl\u00f6sning.<br \/>Vilken kamera anv\u00e4nde du, eller var det tv\u00e5 olika?     <\/p>\n","protected":false},"excerpt":{"rendered":"I l\u00f6pande text st\u00e5r att &#8221;Dock \u00e4r det v\u00e4rt att n\u00e4mna att jag testade objektivet med \u00e4n \u00e4ldre&hellip;\n","protected":false},"author":2,"featured_media":99052,"comment_status":"","ping_status":"","sticky":false,"template":"","format":"standard","meta":{"footnotes":""},"categories":[66],"tags":[5067,80,78,79,34,11464,11465,11466,31,33,32,30,81,84,1173,83,82],"class_list":{"0":"post-99051","1":"post","2":"type-post","3":"status-publish","4":"format-standard","5":"has-post-thumbnail","7":"category-vetenskap-och-teknik","8":"tag-naturfoto","9":"tag-science","10":"tag-science-and-technology","11":"tag-scienceandtechnology","12":"tag-se","13":"tag-sigm","14":"tag-sportfoto","15":"tag-supertele","16":"tag-svenska","17":"tag-sverige","18":"tag-sweden","19":"tag-swedish","20":"tag-technology","21":"tag-teknik","22":"tag-test","23":"tag-vetenskap","24":"tag-vetenskapteknik"},"share_on_mastodon":{"url":"https:\/\/pubeurope.com\/@se\/115677057727900584","error":""},"_links":{"self":[{"href":"https:\/\/www.europesays.com\/se\/wp-json\/wp\/v2\/posts\/99051","targetHints":{"allow":["GET"]}}],"collection":[{"href":"https:\/\/www.europesays.com\/se\/wp-json\/wp\/v2\/posts"}],"about":[{"href":"https:\/\/www.europesays.com\/se\/wp-json\/wp\/v2\/types\/post"}],"author":[{"embeddable":true,"href":"https:\/\/www.europesays.com\/se\/wp-json\/wp\/v2\/users\/2"}],"replies":[{"embeddable":true,"href":"https:\/\/www.europesays.com\/se\/wp-json\/wp\/v2\/comments?post=99051"}],"version-history":[{"count":0,"href":"https:\/\/www.europesays.com\/se\/wp-json\/wp\/v2\/posts\/99051\/revisions"}],"wp:featuredmedia":[{"embeddable":true,"href":"https:\/\/www.europesays.com\/se\/wp-json\/wp\/v2\/media\/99052"}],"wp:attachment":[{"href":"https:\/\/www.europesays.com\/se\/wp-json\/wp\/v2\/media?parent=99051"}],"wp:term":[{"taxonomy":"category","embeddable":true,"href":"https:\/\/www.europesays.com\/se\/wp-json\/wp\/v2\/categories?post=99051"},{"taxonomy":"post_tag","embeddable":true,"href":"https:\/\/www.europesays.com\/se\/wp-json\/wp\/v2\/tags?post=99051"}],"curies":[{"name":"wp","href":"https:\/\/api.w.org\/{rel}","templated":true}]}}