{"id":99119,"date":"2025-12-07T09:04:08","date_gmt":"2025-12-07T09:04:08","guid":{"rendered":"https:\/\/www.europesays.com\/se\/99119\/"},"modified":"2025-12-07T09:04:08","modified_gmt":"2025-12-07T09:04:08","slug":"sivert-gottorm-bakken-tillbaka-efter-jobb-i-sportbutik-skidskytte","status":"publish","type":"post","link":"https:\/\/www.europesays.com\/se\/99119\/","title":{"rendered":"Sivert Gottorm Bakken tillbaka \u2013 efter jobb i sportbutik | Skidskytte"},"content":{"rendered":"<p>Publicerad 7 dec 2025 kl 09.37Uppdaterad kl 09.57<\/p>\n<p>Sivert Gottorm Bakken \u00e4r tillbaka efter tre och ett halvt \u00e5r.<\/p>\n<p>Han \u00e4r glad att han inte visste att det skulle ta s\u00e5n tid.\u00a0<\/p>\n<p>D\u00e5 hade han mycket v\u00e4l kunnat jobba kvar i en sportbutik.\u00a0<\/p>\n<p><img   alt=\"\"\/><\/p>\n<p>Sivert Gottorm Bakken.<\/p>\n<p>Foto: MATHIAS BERGELD \/ BILDBYR\u00c5N<\/p>\n<p>\u00d6ppna bild i helsk\u00e4rm<\/p>\n<p>Det \u00e4r f\u00e5 personer som \u00e4r s\u00e5 glada \u00f6ver en sjundeplats i sprint som Sivert Guttorm Bakken.<\/p>\n<p>Egentligen \u00e4r han ocks\u00e5 bara femte norrman.\u00a0<\/p>\n<p>\u00a0\u2013 Det \u00e4r otroligt kul att vara tillbaka. Det har varit en dr\u00f6m l\u00e4nge att f\u00e5 komma tillbaka och t\u00e4vla igen, s\u00e4ger 27-\u00e5ringen.\u00a0<\/p>\n<p>Namnet kanske k\u00e4nns bekant, det \u00e4r fullt rimligt ocks\u00e5.\u00a0<\/p>\n<p>2022 vann han s\u00e4songens sista lopp framf\u00f6r en jublande norsk publik i Holmenkollen.\u00a0<\/p>\n<p>Sen f\u00f6rsvann han helt fr\u00e5n t\u00e4vlingarna. Och kunde bara ligga i soffan och se p\u00e5 n\u00e4r s\u00e4songen 2022\/2023 tog sin b\u00f6rjan.\u00a0<\/p>\n<p>Bakken hade tidigare opererats f\u00f6r hj\u00e4rtflimmer och n\u00e4r han tog den tredje dosen av covidvaccinet reagerade hj\u00e4rtat och blev inflammerat. Hela sommaren fick han inte tr\u00e4na n\u00e5gonting.\u00a0<\/p>\n<p>\u201dDet var inte f\u00f6rv\u00e4ntat\u201d<\/p>\n<p>Nu 3,5 \u00e5r senare har han gjort comeback p\u00e5 v\u00e4rldscupen.\u00a0<\/p>\n<p>\u2013 Jag \u00e4r n\u00e4stan lite glad att jag inte visste att det skulle ta s\u00e5 h\u00e4r l\u00e5ng tid. F\u00f6r d\u00e5 vet jag inte om jag hade orkat.\u00a0<\/p>\n<p>\u2013 I b\u00f6rjan tog jag det lite dag f\u00f6r dag, vecka f\u00f6r vecka. Sen \u00e4r det bra att jag inte f\u00f6rstod att det skulle ta 3,5 \u00e5r.\u00a0<\/p>\n<p>En fj\u00e4rdeplats i distansen och sjua i sprinten \u00e4r resultatet efter tv\u00e5 individuella lopp i \u00d6stersund.\u00a0<\/p>\n<p>\u2013 Jag \u00e4r v\u00e4ldigt stolt \u00f6ver jobbet jag har gjort och jag k\u00e4nner att jag lagt ner s\u00e5 pass mycket att jag verkligen f\u00f6rtj\u00e4nar att f\u00e5 betalt f\u00f6r det. Men det var inte f\u00f6rv\u00e4ntat att jag skulle prestera s\u00e5 tidigt.\u00a0<\/p>\n<p>Under perioden han inte fick tr\u00e4na arbetade han i st\u00e4llet i en sportbutik i Lillehammer.\u00a0<\/p>\n<p><strong>Men du jobbade till och med i sportbutik d\u00e4r ett tag.<\/strong><\/p>\n<p>\u2013 Jag k\u00e4nner de som jobbar d\u00e4r och n\u00e4r det blev som det blev s\u00e5 k\u00e4nde jag att jag beh\u00f6vde g\u00f6ra n\u00e5got vettigt med min tid.\u00a0<\/p>\n<p>Meddelanden fr\u00e5n butikspersonalen har haglat in.\u00a0<\/p>\n<p>\u2013 De \u00e4r glada f\u00f6r min skull och \u00e4ven om de beh\u00f6ver arbetskraften s\u00e5 s\u00e4ger de att det klarar det.\u00a0<\/p>\n<p><img loading=\"lazy\"   alt=\"\"\/><\/p>\n<p>Sivert Guttorm Bakken i \u00d6stersund.<\/p>\n<p>Foto: MATHIAS BERGELD \/ BILDBYR\u00c5N<\/p>\n<p>\u00d6ppna bild i helsk\u00e4rm<\/p>\n<p>Konkurrensen i det norska skidskyttelandslaget \u00e4r supertuff.\u00a0<\/p>\n<p>\u2013 Det \u00e4r en sjuk niv\u00e5 och det g\u00f6r det inte l\u00e4ttare att s\u00e4tta konkreta m\u00e5l. Men jag \u00e4r v\u00e4ldigt sugen p\u00e5 att k\u00f6ra OS och f\u00e5 vara med d\u00e4r. Men det \u00e4r fyra norrm\u00e4nnen som f\u00e5r k\u00f6ra bara, s\u00e5 det \u00e4r tufft. G\u00e5r det inte s\u00e5 \u00e4r det inte hela v\u00e4rlden heller.\u00a0<\/p>\n<p><strong>T\u00e4nkte du n\u00e5gon g\u00e5ng under de h\u00e4r \u00e5ren att du skulle sluta?\u00a0<\/strong><\/p>\n<p>\u2013 Jag t\u00e4nkte att s\u00e5 l\u00e4nge kroppen fungerade till att kunna tr\u00e4na s\u00e5 var jag sugen p\u00e5 till att f\u00f6rs\u00f6ka komma tillbaka, men jag f\u00f6rv\u00e4ntade mig inte att det skulle g\u00e5 s\u00e5 bra.\u00a0<\/p>\n","protected":false},"excerpt":{"rendered":"Publicerad 7 dec 2025 kl 09.37Uppdaterad kl 09.57 Sivert Gottorm Bakken \u00e4r tillbaka efter tre och ett halvt&hellip;\n","protected":false},"author":2,"featured_media":99120,"comment_status":"","ping_status":"","sticky":false,"template":"","format":"standard","meta":{"footnotes":""},"categories":[68],"tags":[34,945,111,110,31,33,32,30],"class_list":{"0":"post-99119","1":"post","2":"type-post","3":"status-publish","4":"format-standard","5":"has-post-thumbnail","7":"category-sport","8":"tag-se","9":"tag-sections-skidskytte","10":"tag-sport","11":"tag-sports","12":"tag-svenska","13":"tag-sverige","14":"tag-sweden","15":"tag-swedish"},"share_on_mastodon":{"url":"https:\/\/pubeurope.com\/@se\/115677486342154837","error":""},"_links":{"self":[{"href":"https:\/\/www.europesays.com\/se\/wp-json\/wp\/v2\/posts\/99119","targetHints":{"allow":["GET"]}}],"collection":[{"href":"https:\/\/www.europesays.com\/se\/wp-json\/wp\/v2\/posts"}],"about":[{"href":"https:\/\/www.europesays.com\/se\/wp-json\/wp\/v2\/types\/post"}],"author":[{"embeddable":true,"href":"https:\/\/www.europesays.com\/se\/wp-json\/wp\/v2\/users\/2"}],"replies":[{"embeddable":true,"href":"https:\/\/www.europesays.com\/se\/wp-json\/wp\/v2\/comments?post=99119"}],"version-history":[{"count":0,"href":"https:\/\/www.europesays.com\/se\/wp-json\/wp\/v2\/posts\/99119\/revisions"}],"wp:featuredmedia":[{"embeddable":true,"href":"https:\/\/www.europesays.com\/se\/wp-json\/wp\/v2\/media\/99120"}],"wp:attachment":[{"href":"https:\/\/www.europesays.com\/se\/wp-json\/wp\/v2\/media?parent=99119"}],"wp:term":[{"taxonomy":"category","embeddable":true,"href":"https:\/\/www.europesays.com\/se\/wp-json\/wp\/v2\/categories?post=99119"},{"taxonomy":"post_tag","embeddable":true,"href":"https:\/\/www.europesays.com\/se\/wp-json\/wp\/v2\/tags?post=99119"}],"curies":[{"name":"wp","href":"https:\/\/api.w.org\/{rel}","templated":true}]}}