{"id":99154,"date":"2025-12-07T09:55:13","date_gmt":"2025-12-07T09:55:13","guid":{"rendered":"https:\/\/www.europesays.com\/se\/99154\/"},"modified":"2025-12-07T09:55:13","modified_gmt":"2025-12-07T09:55:13","slug":"far-inte-bli-for-bra","status":"publish","type":"post","link":"https:\/\/www.europesays.com\/se\/99154\/","title":{"rendered":"F\u00e5r inte bli \u201df\u00f6r bra\u201d"},"content":{"rendered":"<p>M\u00e5let \u00e4r en rimlig bor\u00e4nta, inte den l\u00e4gsta m\u00f6jliga. Det s\u00e4ger riksbankschef Erik Thed\u00e9en i SVT:s Ekonomibyr\u00e5n.<\/p>\n<p>Thed\u00e9en uppger att han \u00e4r r\u00e4dd att f\u00e5 \u201df\u00f6r bra r\u00e4nta\u201d n\u00e4r han f\u00f6rhandlar sina privata bol\u00e5n. <\/p>\n<p>\u2013 Det ska inte vara s\u00e5 att jag f\u00e5r extra bra r\u00e4nta f\u00f6r att jag har en viss titel [\u2026] De vet ju att jag \u00e4r riksbankschef n\u00e4r jag ringer, s\u00e4ger han. <\/p>\n<p>Thed\u00e9en har valt r\u00f6rlig r\u00e4nta och kommer forts\u00e4tta med det s\u00e5 l\u00e4nge han leder Riksbanken, uppger han. Enligt j\u00e4mf\u00f6relsesajten Zmarta ligger Thed\u00e9ens snittr\u00e4nta p\u00e5 2,26 procent. Sj\u00e4lv menar han att snittet \u00e4r h\u00f6gre, utan att uppge en exakt siffra. <\/p>\n<p>Omni \u00e4r politiskt obundna och oberoende. Vi str\u00e4var efter att ge fler perspektiv p\u00e5 nyheterna. Har du fr\u00e5gor eller synpunkter kring v\u00e5r rapportering? <a href=\"https:\/\/omni.se\/thedeen-haller-igen-hos-banken-radd-for-for-bra-ranta\/a\/mailto:redaktion@omni.se\" class=\"ArticleActions_contactLink__W2F1M\" rel=\"nofollow noopener\" target=\"_blank\">Kontakta redaktionen<\/a><\/p>\n","protected":false},"excerpt":{"rendered":"M\u00e5let \u00e4r en rimlig bor\u00e4nta, inte den l\u00e4gsta m\u00f6jliga. Det s\u00e4ger riksbankschef Erik Thed\u00e9en i SVT:s Ekonomibyr\u00e5n. Thed\u00e9en&hellip;\n","protected":false},"author":2,"featured_media":99155,"comment_status":"","ping_status":"","sticky":false,"template":"","format":"standard","meta":{"footnotes":""},"categories":[65],"tags":[322,72,70,71,11468,324,325,349,327,34,31,33,32,30],"class_list":{"0":"post-99154","1":"post","2":"type-post","3":"status-publish","4":"format-standard","5":"has-post-thumbnail","7":"category-ekonomi","8":"tag-boranta","9":"tag-business","10":"tag-economy","11":"tag-ekonomi","12":"tag-erik-thedeen","13":"tag-makroekonomi","14":"tag-penningpolitik","15":"tag-privatekonomi","16":"tag-riksbanken","17":"tag-se","18":"tag-svenska","19":"tag-sverige","20":"tag-sweden","21":"tag-swedish"},"share_on_mastodon":{"url":"https:\/\/pubeurope.com\/@se\/115677686877020693","error":""},"_links":{"self":[{"href":"https:\/\/www.europesays.com\/se\/wp-json\/wp\/v2\/posts\/99154","targetHints":{"allow":["GET"]}}],"collection":[{"href":"https:\/\/www.europesays.com\/se\/wp-json\/wp\/v2\/posts"}],"about":[{"href":"https:\/\/www.europesays.com\/se\/wp-json\/wp\/v2\/types\/post"}],"author":[{"embeddable":true,"href":"https:\/\/www.europesays.com\/se\/wp-json\/wp\/v2\/users\/2"}],"replies":[{"embeddable":true,"href":"https:\/\/www.europesays.com\/se\/wp-json\/wp\/v2\/comments?post=99154"}],"version-history":[{"count":0,"href":"https:\/\/www.europesays.com\/se\/wp-json\/wp\/v2\/posts\/99154\/revisions"}],"wp:featuredmedia":[{"embeddable":true,"href":"https:\/\/www.europesays.com\/se\/wp-json\/wp\/v2\/media\/99155"}],"wp:attachment":[{"href":"https:\/\/www.europesays.com\/se\/wp-json\/wp\/v2\/media?parent=99154"}],"wp:term":[{"taxonomy":"category","embeddable":true,"href":"https:\/\/www.europesays.com\/se\/wp-json\/wp\/v2\/categories?post=99154"},{"taxonomy":"post_tag","embeddable":true,"href":"https:\/\/www.europesays.com\/se\/wp-json\/wp\/v2\/tags?post=99154"}],"curies":[{"name":"wp","href":"https:\/\/api.w.org\/{rel}","templated":true}]}}