{"id":99164,"date":"2025-12-07T10:06:50","date_gmt":"2025-12-07T10:06:50","guid":{"rendered":"https:\/\/www.europesays.com\/se\/99164\/"},"modified":"2025-12-07T10:06:50","modified_gmt":"2025-12-07T10:06:50","slug":"djupa-sprickan-mellan-europa-och-usa-trump-forrader","status":"publish","type":"post","link":"https:\/\/www.europesays.com\/se\/99164\/","title":{"rendered":"Djupa sprickan mellan Europa och USA: \u201dTrump f\u00f6rr\u00e5der\u201d"},"content":{"rendered":"<p>Publicerad 6 dec 2025 kl 21.58Uppdaterad 7 dec kl 00.20<\/p>\n<p>\u00c4r USA och Europa fortfarande n\u00e4ra allierade?\u00a0<\/p>\n<p>Donald Trumps nya nationella s\u00e4kerhetsstrategi vittnar om en djup spricka.\u00a0<\/p>\n<p>D\u00e4r p\u00e5st\u00e5s Europa vara p\u00e5 v\u00e5g mot en \u201dcivilisatorisk utpl\u00e5ning\u201d, samtidigt som europeiska ledare anklagas f\u00f6r att hindra en snabb l\u00f6sning p\u00e5 Ukrainakriget.\u00a0<\/p>\n<p>\u2013 Analys av den amerikanske nationella s\u00e4kerhetsstrategin p\u00e5g\u00e5r, skriver utrikesminister Maria Malmer Stenergard (M) till Expressen.<\/p>\n<p>Senaste nyhetsklippen fr\u00e5n Expressen.<img   alt=\"\"\/><\/p>\n<p>Donald Trump \u00e4r bekymrad f\u00f6r Europa, som enligt honom befinner sig i en djup kris.<\/p>\n<p>Foto: Daniel Torok\/White House\/Planet Pix via \/ TT NYHETSBYR\u00c5N<\/p>\n<p>\u00d6ppna bild i helsk\u00e4rm<img loading=\"lazy\"   alt=\"\"\/><\/p>\n<p>Volodymyr Zelenskyj och Emmanuel Macron inf\u00f6r ett m\u00f6te om fredssamtalen.<\/p>\n<p>Foto: POLARIS \/ POLARIS POLARIS IMAGES<\/p>\n<p>\u00d6ppna bild i helsk\u00e4rm<\/p>\n<p>Donald Trump \u00e4r inte alls imponerad av sina europeiska kolleger och menar att kontinenten befinner sig i en djup kris. Det framg\u00e5r tydligt i <a href=\"https:\/\/www.expressen.se\/tagg\/location\/usa\/\" class=\"\" rel=\"nofollow noopener\" target=\"_blank\">USA<\/a>:s nya nationella s\u00e4kerhetsstrategi som offentliggjordes p\u00e5 torsdagen.\u00a0<\/p>\n<p>Artikeln i korthet<\/p>\n<p> USA:s nya nationella s\u00e4kerhetsstrategi, ett 33-sidigt dokument, blev offentligt p\u00e5 torsdagen.\u00a0<\/p>\n<p> Trumpadministrationen menar att Europa befinner sig i en djup kris, och vill att samarbetet mellan USA och Europa f\u00f6r\u00e4ndras fram\u00f6ver.\u00a0<\/p>\n<p> Samtidigt misstror europeiska stats- och regeringschefer USA:s vilja att f\u00e5 till st\u00e5nd en r\u00e4ttvis fred i Ukraina, enligt hemliga anteckningar som l\u00e4ckt. \u00a0<\/p>\n<p> USA-experten Dag Blanck beskriver USA:s nya nationella s\u00e4kerhetsstrategi som en \u201dremarkabel markering\u201d mot Europa. \u00a0<\/p>\n<p>Visa mer<\/p>\n<p>I dokumentet st\u00e5r det bland annat att <a href=\"https:\/\/www.expressen.se\/nyheter\/varlden\/trumps-attack-pa-europa-civilisatorisk-utplaning\/\" rel=\"nofollow noopener\" target=\"_blank\">Europa riskerar en \u201dcivilisatorisk utpl\u00e5ning\u201d<\/a> p\u00e5 grund av bland annat stor migration och l\u00e5ga f\u00f6delsetal. D\u00e4r st\u00e5r ocks\u00e5 att vissa europeiska ledare agerar p\u00e5 ett s\u00e4tt som f\u00f6rhindrar en snabb l\u00f6sning p\u00e5 kriget i Ukraina. Europa p\u00e5st\u00e5s \u201dsakna sj\u00e4lvf\u00f6rtroende\u201d.\u00a0<\/p>\n<p>\u201dFast i politisk kris\u201d<\/p>\n<p>Ang\u00e5ende Ukrainakriget st\u00e5r det bland annat:\u00a0<\/p>\n<p>\u201dTrumpadministrationen hamnar i konflikt med europeiska f\u00f6retr\u00e4dare som hyser orealistiska f\u00f6rv\u00e4ntningar p\u00e5 ett krig som vilar p\u00e5 instabila minoritetsregeringar \u2013 m\u00e5nga av dem trampar p\u00e5 grundl\u00e4ggande demokratiska principer f\u00f6r att tysta oppositionen. En stor majoritet av europ\u00e9erna vill ha fred, men den viljan oms\u00e4tts inte i faktisk politik, i h\u00f6g grad p\u00e5 grund av dessa regeringars urholkning av demokratiska processer. Detta \u00e4r av strategisk betydelse f\u00f6r USA just eftersom europeiska stater inte kan reformera sig sj\u00e4lva om de sitter fast i en politisk kris.\u201d<\/p>\n<p>N\u00e4r Elon Musk s\u00e5gar EU, efter att plattformen X ha f\u00e5tt en miljardbot f\u00f6r brott mot unionens digitala regelverk, <a href=\"https:\/\/www.expressen.se\/nyheter\/varlden\/trumpstabens-ilska-mot-eu-over-elon-musk\/\" rel=\"nofollow noopener\" target=\"_blank\">f\u00e5r han st\u00f6d av Donald Trumps kronprinsar Marco Rubio och JD Vance.<\/a> \u201dEU borde st\u00f6dja yttrandefrihet, inte attackera amerikanska f\u00f6retag \u00f6ver strunt\u201d, skriver vicepresident Vance p\u00e5 X.\u00a0<\/p>\n<p><img loading=\"lazy\"   alt=\"\"\/><\/p>\n<p>Donald Trump kr\u00e4ver att Europa har ett betydligt st\u00f6rre ansvar f\u00f6r Nato, enligt uppgifter till Reuters.<\/p>\n<p>Foto: POOL VIA CNP\/SHUTTERSTOCK \/ SHUTTERSTOCK EDITORIAL\/IBL<\/p>\n<p>\u00d6ppna bild i helsk\u00e4rmEuropeisk misstro mor USA<\/p>\n<p>Samtidigt verkar europeiska stats- och regeringschefer hysa en stor misstro till USA:s vilja att f\u00e5 till en r\u00e4ttvis fred i Ukraina. <a href=\"https:\/\/www.expressen.se\/nyheter\/varlden\/macrons-varning-i-lackt-samtal-trump-kan-svika-ukraina-\/\" rel=\"nofollow noopener\" target=\"_blank\">Det avsl\u00f6jade Der Spiegel i veckan, efter att ha tagit del av hemliga anteckningar fr\u00e5n ett toppm\u00f6te i Paris den 1 december. <\/a>\u00a0<\/p>\n<p>\u2013 Det finns en risk att USA sviker Ukraina i territoriella fr\u00e5gor utan tydlighet kring s\u00e4kerhetsgarantier, ska Frankrikes president Emmanuel Macron ha sagt under m\u00f6tet.\u00a0<\/p>\n<p>Hans kolleger \u2013 Tysklands f\u00f6rbundskansler Friedrich Merz, Finlands president Alexander Stubb samt Natos generalsekreterare Mark Rutte \u2013 ska ha uttryckt oro f\u00f6r Ukraina och Volodymyr Zelenskyj.\u00a0<\/p>\n<p>Till saken h\u00f6r att Donald Trumps f\u00f6rsta fredsplan f\u00f6r Ukraina, som inneh\u00f6ll 28 punkter, kallats f\u00f6r en rysk \u00f6nskelista.<\/p>\n<p>N\u00e4r Emmanuel Macron fick fr\u00e5gor om m\u00f6tet dagen efter Der Spiegels avsl\u00f6jande sa han att det \u201dinte finns n\u00e5gon misstro\u201d mellan USA och Europa r\u00f6rande Ukraina.\u00a0<\/p>\n<p>Annons<\/p>\n<p><img loading=\"lazy\"   alt=\"\"\/><\/p>\n<p>Europa st\u00f6ttar Ukrainas krav i fredsf\u00f6rhandlingarna.<\/p>\n<p>Foto: ABACA \/ STELLA PICTURES<\/p>\n<p>\u00d6ppna bild i helsk\u00e4rm<img loading=\"lazy\"   alt=\"\"\/><\/p>\n<p>Vladimir Putin och Donald Trump tr\u00e4ffades i Alaska i augusti.<\/p>\n<p>Foto: Julia Demaree Nikhinson \/ AP TT NYHETSBYR\u00c5N<\/p>\n<p>\u00d6ppna bild i helsk\u00e4rmEU:s utrikeschef: \u201dB\u00f6r h\u00e5lla ihop\u201d<\/p>\n<p>EU:s utrikeschef Kaja Kallas har p\u00e5 l\u00f6rdagen kommenterat kritiken fr\u00e5n USA, rapporterar nyhetsbyr\u00e5n AFP. \u00a0<\/p>\n<p>\u2013 USA \u00e4r fortfarande v\u00e5r st\u00f6rsta allierade. Visst, det \u00e4r mycket kritik, men jag tror att en del av det ocks\u00e5 \u00e4r sant, s\u00e4ger Kallas.\u00a0<\/p>\n<p>Hon syftar d\u00e5 p\u00e5 det \u201dd\u00e5liga sj\u00e4lvf\u00f6rtroendet\u201d gentemot Ryssland.\u00a0<\/p>\n<p>\u2013 Jag tror att vi inte alltid har varit \u00f6verens i olika fr\u00e5gor, men grundprincipen finns fortfarande kvar. Vi \u00e4r varandras st\u00f6rsta allierade och b\u00f6r h\u00e5lla ihop.\u00a0<\/p>\n<p><img loading=\"lazy\"   alt=\"\"\/><\/p>\n<p>EU:s utrikeschef Kaja Kallas beskriver USA som Europas viktigaste allierade, \u00e4ven efter kritiken.<\/p>\n<p>Foto: OLIVIER MATTHYS \/ EPA<\/p>\n<p>\u00d6ppna bild i helsk\u00e4rm<\/p>\n<p><a href=\"https:\/\/www.expressen.se\/nyheter\/varlden\/usa-experten-om-trumps-nya-strategi-remarkabel\/\" rel=\"nofollow noopener\" target=\"_blank\">Dag Blanck, professor i nordamerikastudier vid Uppsala universitet, sa till Expressen p\u00e5 fredagen <\/a>att USA:s nya nationella s\u00e4kerhetsstrategi \u00e4r en \u201dremarkabel markering\u201d som ytterligare f\u00f6rdjupar sprickan mellan USA och Europa.\u00a0<\/p>\n<p>\u2013 Det ger sannolikt vissa europeiska l\u00e4nder anledning att fundera, eftersom Europa och Nato i grunden bygger p\u00e5 f\u00f6rtroendet f\u00f6r USA \u2013 inte minst k\u00e4rnvapenparaplyet.\u00a0<\/p>\n<p>\u201dF\u00f6rr\u00e5der sina allierade\u201d<\/p>\n<p>Anne Applebaum, journalist och f\u00f6rfattare, g\u00e5r \u00e4nnu l\u00e4ngre. Till <a href=\"https:\/\/www.corriere.it\/esteri\/25_dicembre_06\/anne-applebaum-intervista-trump-b45ba98e-a67a-4260-98cd-fbe779797xlk.shtml\" rel=\"nofollow noopener\" target=\"_blank\">Corriere Della Sera<\/a> s\u00e4ger hon:\u00a0<\/p>\n<p>\u2013 Detta dokument inneb\u00e4r sj\u00e4lvmord f\u00f6r USA som vi har k\u00e4nt det sedan andra v\u00e4rldskriget. Donald Trump f\u00f6rr\u00e5der sina allierade och f\u00f6rst\u00f6r USA:s rykte i v\u00e4rlden.\u00a0<\/p>\n<p><img loading=\"lazy\"   alt=\"\"\/><\/p>\n<p>\u201dTrump s\u00e4ger till oss att aff\u00e4rer med oss \u00e4r mindre intressanta \u00e4n med Moskva\u201d, s\u00e4ger Anne Applebaum.<\/p>\n<p>Foto: ALEXANDER MAHMOUD \/ DN TT NYHETSBYR\u00c5N<\/p>\n<p>\u00d6ppna bild i helsk\u00e4rm<\/p>\n<p>Hon menar att Trumpadministrationen bara har ekonomiska intressen, inga allierade.\u00a0<\/p>\n<p>\u2013 Det \u00e4r en katastrof inte bara f\u00f6r Ukraina, utan ocks\u00e5 f\u00f6r de europeiska allierade. Trump s\u00e4ger till oss att aff\u00e4rer med oss \u00e4r mindre intressanta \u00e4n med Moskva och att v\u00e5ra s\u00e4kerhetsfr\u00e5gor d\u00e4rf\u00f6r \u00e4r sekund\u00e4ra i hans \u00f6gon.<\/p>\n<p>I Donald Trumps nya nationella s\u00e4kerhetsstrategi st\u00e5r det ocks\u00e5 att samarbetet mellan USA och Europa ska f\u00f6r\u00e4ndras. USA:s m\u00e5l b\u00f6r vara att att hj\u00e4lpa Europa att korrigera sin nuvarande kurs.\u201d<\/p>\n<p><img loading=\"lazy\"   alt=\"\"\/><\/p>\n<p>\u201dDet \u00e4r uppenbart att Europa beh\u00f6ver ta ett st\u00f6rre ansvar f\u00f6r v\u00e5r s\u00e4kerhet, konkurrenskraft och framtid.\u201d<\/p>\n<p>Foto: Anders Wiklund \/ TT NYHETSBYR\u00c5N<\/p>\n<p>\u00d6ppna bild i helsk\u00e4rmMinistern: \u201dEgna intressen att skydda\u201d<\/p>\n<p>Sveriges utrikesminister Maria Malmer Stenergard (M) skriver i en kommentar till Expressen:<\/p>\n<p>\u2013 Analys av den amerikanske nationella s\u00e4kerhetsstrategin p\u00e5g\u00e5r. V\u00e5r relation med USA \u00e4r l\u00e5ngsiktig och f\u00f6rblir central f\u00f6r Sveriges och Europas s\u00e4kerhet och v\u00e4lst\u00e5nd. Det \u00e4r uppenbart att Europa beh\u00f6ver ta ett st\u00f6rre ansvar f\u00f6r v\u00e5r s\u00e4kerhet, konkurrenskraft och framtid. Vi f\u00f6rst\u00e5r det och agerar d\u00e4refter. Vi har v\u00e5ra egna intressen att skydda.\u00a0<\/p>\n<p><strong>L\u00c4S MER: <\/strong><a href=\"https:\/\/www.expressen.se\/nyheter\/varlden\/trumps-attack-pa-europa-civilisatorisk-utplaning\/\" class=\"\" rel=\"nofollow noopener\" target=\"_blank\">Trumps attack p\u00e5 Europa: \u201dCivilisatorisk utpl\u00e5ning\u201d<\/a><strong>L\u00c4S MER: <\/strong><a href=\"https:\/\/www.expressen.se\/nyheter\/varlden\/usa-experten-om-trumps-nya-strategi-remarkabel\/\" class=\"\" rel=\"nofollow noopener\" target=\"_blank\">USA-experten om Trumps nya strategi: \u201dRemarkabel\u201d<\/a><strong>L\u00c4S MER: <\/strong><a href=\"https:\/\/www.expressen.se\/nyheter\/varlden\/macrons-varning-i-lackt-samtal-trump-kan-svika-ukraina-\/\" class=\"\" rel=\"nofollow noopener\" target=\"_blank\">Macrons varning i l\u00e4ckt samtal: Trump kan svika Ukraina<\/a>\u201dN\u00e5gon \u00e4r s\u00e5 sparkad.\u201d<\/p>\n","protected":false},"excerpt":{"rendered":"Publicerad 6 dec 2025 kl 21.58Uppdaterad 7 dec kl 00.20 \u00c4r USA och Europa fortfarande n\u00e4ra allierade?\u00a0 Donald&hellip;\n","protected":false},"author":2,"featured_media":99165,"comment_status":"","ping_status":"","sticky":false,"template":"","format":"standard","meta":{"footnotes":""},"categories":[5],"tags":[22,23,26,27,17,21,24,25,286,274,202,45,28,29,15,16,746,1401,1658,198,3739,4940,363,5666,362,18,34,55,31,33,32,30,19,204,60,20],"class_list":{"0":"post-99164","1":"post","2":"type-post","3":"status-publish","4":"format-standard","5":"has-post-thumbnail","7":"category-rubriker","8":"tag-breaking-news","9":"tag-breakingnews","10":"tag-featured-news","11":"tag-featurednews","12":"tag-headlines","13":"tag-huvudnyheter","14":"tag-latest-news","15":"tag-latestnews","16":"tag-location-europa","17":"tag-location-ryssland","18":"tag-location-ukraina","19":"tag-location-usa","20":"tag-main-news","21":"tag-mainnews","22":"tag-news","23":"tag-nyheter","24":"tag-organization-eu","25":"tag-organization-nato","26":"tag-person-alexander-stubb","27":"tag-person-donald-trump","28":"tag-person-emmanuel-macron","29":"tag-person-friedrich-merz","30":"tag-person-jd-vance","31":"tag-person-kaja-kallas","32":"tag-person-marco-rubio","33":"tag-rubriker","34":"tag-se","35":"tag-sections-varlden","36":"tag-svenska","37":"tag-sverige","38":"tag-sweden","39":"tag-swedish","40":"tag-top-stories","41":"tag-topic-amerikansk-politik","42":"tag-topic-krig-konflikt","43":"tag-topstories"},"share_on_mastodon":{"url":"","error":"Validation failed: Text character limit of 500 exceeded"},"_links":{"self":[{"href":"https:\/\/www.europesays.com\/se\/wp-json\/wp\/v2\/posts\/99164","targetHints":{"allow":["GET"]}}],"collection":[{"href":"https:\/\/www.europesays.com\/se\/wp-json\/wp\/v2\/posts"}],"about":[{"href":"https:\/\/www.europesays.com\/se\/wp-json\/wp\/v2\/types\/post"}],"author":[{"embeddable":true,"href":"https:\/\/www.europesays.com\/se\/wp-json\/wp\/v2\/users\/2"}],"replies":[{"embeddable":true,"href":"https:\/\/www.europesays.com\/se\/wp-json\/wp\/v2\/comments?post=99164"}],"version-history":[{"count":0,"href":"https:\/\/www.europesays.com\/se\/wp-json\/wp\/v2\/posts\/99164\/revisions"}],"wp:featuredmedia":[{"embeddable":true,"href":"https:\/\/www.europesays.com\/se\/wp-json\/wp\/v2\/media\/99165"}],"wp:attachment":[{"href":"https:\/\/www.europesays.com\/se\/wp-json\/wp\/v2\/media?parent=99164"}],"wp:term":[{"taxonomy":"category","embeddable":true,"href":"https:\/\/www.europesays.com\/se\/wp-json\/wp\/v2\/categories?post=99164"},{"taxonomy":"post_tag","embeddable":true,"href":"https:\/\/www.europesays.com\/se\/wp-json\/wp\/v2\/tags?post=99164"}],"curies":[{"name":"wp","href":"https:\/\/api.w.org\/{rel}","templated":true}]}}