{"id":99168,"date":"2025-12-07T10:11:17","date_gmt":"2025-12-07T10:11:17","guid":{"rendered":"https:\/\/www.europesays.com\/se\/99168\/"},"modified":"2025-12-07T10:11:17","modified_gmt":"2025-12-07T10:11:17","slug":"donald-trump-skojade-om-skostorlek-och-penisar-i-ovala-rummet","status":"publish","type":"post","link":"https:\/\/www.europesays.com\/se\/99168\/","title":{"rendered":"Donald Trump skojade om skostorlek och penisar i Ovala rummet"},"content":{"rendered":"<p>Publicerad 7 dec 2025 kl 10.32<\/p>\n<p>Kollegornas \u201dskitfula skor\u201d blev en f\u00f6r stor distraktion f\u00f6r Donald Trump, som best\u00e4mde sig f\u00f6r att fixa fram nya.<\/p>\n<p>N\u00e4r en av dem sa sin storlek hade presidenten sv\u00e5rt att h\u00e5lla tillbaka penissk\u00e4mtet.<\/p>\n<p>\u2013 Man kan s\u00e4ga mycket om en man genom hans skostorlek, sa han enligt JD Vance.<\/p>\n<p><img   alt=\"\"\/><\/p>\n<p>Donald Trump i Ovala rummet.<\/p>\n<p>Foto: EVAN VUCCI \/ AP TT NYHETSBYR\u00c5N<\/p>\n<p>\u00d6ppna bild i helsk\u00e4rm<\/p>\n<p>I helgen anordnade <a href=\"https:\/\/www.expressen.se\/tagg\/person\/jd-vance\/\" class=\"\" rel=\"nofollow noopener\" target=\"_blank\">JD Vance<\/a> en julfest i Washington DC, d\u00e4r filmstj\u00e4rnan Sylvester Stallone var hedersg\u00e4st. D\u00e5 bj\u00f6d vicepresidenten p\u00e5 en ov\u00e4ntad anekdot om hur l\u00e4ttdistraherad hans chef kan vara.<\/p>\n<p>\u2013 Folk fr\u00e5gar ofta hur det \u00e4r att vara USA:s vicepresident och mycket \u00e4r precis som p\u00e5 tv, s\u00e4ger Vance i ett klipp som f\u00e5tt stor spridning p\u00e5 sociala medier.<\/p>\n<p>\u2013 Men ibland f\u00e5r man uppleva stunder bakom kulisserna som man aldrig kommer att gl\u00f6mma. Exempelvis i dag n\u00e4r jag befann mig i Ovala rummet med presidenten och Marco Rubio.<\/p>\n<p>Avbr\u00f6t viktigt samtal<\/p>\n<p>\u00c4ven en fj\u00e4rde politiker som Vance inte n\u00e4mner vid namn fanns i rummet. Samlingen ska ha diskuterat n\u00e5got viktigt n\u00e4r Trump pl\u00f6tsligt avbr\u00f6t samtalet.<\/p>\n<p>\u2013 Nej, nej, nej, v\u00e4nta lite. Det finns n\u00e5got \u00e4nnu viktigare. Skor, ska presidenten ha sagt enligt Vance.<\/p>\n<p>Trump b\u00f6jde sig \u00f6ver sitt stora skrivbord och deklarerade att vicepresidenten, utrikesministern och den tredje politikern hade \u201dskitfula skor\u201d.<\/p>\n<p>\u201dSka inte be henne om en kommentar\u201d<\/p>\n<p>Presidenten tog fram en katalog f\u00f6r att fixa fram nya par till alla tre. Sedan gick han laget runt och fr\u00e5gade efter skostorlekar.<\/p>\n<p>Vance och Rubios storlekar, 45 och 42, l\u00e4mnades okommenterade. Men n\u00e4r den tredje politikern i rummet sa att han hade 38 lutade sig Trump tillbaka och sa:<\/p>\n<p>\u2013 Man kan s\u00e4ga mycket om en man genom hans skostorlek, ber\u00e4ttar Vance f\u00f6r sina g\u00e4ster.<\/p>\n<p>Penissk\u00e4mtet rev ner flera skratt. Vicepresidenten skojade d\u00e4refter vidare och gestikulerade mot sin fru, USA:s andra dam Usha Vance.<\/p>\n<p>\u2013 Vi ska inte be henne om en kommentar p\u00e5 just det \u00e4mnet, sa han.<\/p>\n","protected":false},"excerpt":{"rendered":"Publicerad 7 dec 2025 kl 10.32 Kollegornas \u201dskitfula skor\u201d blev en f\u00f6r stor distraktion f\u00f6r Donald Trump, som&hellip;\n","protected":false},"author":2,"featured_media":99169,"comment_status":"","ping_status":"","sticky":false,"template":"","format":"standard","meta":{"footnotes":""},"categories":[65],"tags":[72,70,71,198,363,34,55,31,33,32,30,204],"class_list":{"0":"post-99168","1":"post","2":"type-post","3":"status-publish","4":"format-standard","5":"has-post-thumbnail","7":"category-ekonomi","8":"tag-business","9":"tag-economy","10":"tag-ekonomi","11":"tag-person-donald-trump","12":"tag-person-jd-vance","13":"tag-se","14":"tag-sections-varlden","15":"tag-svenska","16":"tag-sverige","17":"tag-sweden","18":"tag-swedish","19":"tag-topic-amerikansk-politik"},"share_on_mastodon":{"url":"https:\/\/pubeurope.com\/@se\/115677749831076766","error":""},"_links":{"self":[{"href":"https:\/\/www.europesays.com\/se\/wp-json\/wp\/v2\/posts\/99168","targetHints":{"allow":["GET"]}}],"collection":[{"href":"https:\/\/www.europesays.com\/se\/wp-json\/wp\/v2\/posts"}],"about":[{"href":"https:\/\/www.europesays.com\/se\/wp-json\/wp\/v2\/types\/post"}],"author":[{"embeddable":true,"href":"https:\/\/www.europesays.com\/se\/wp-json\/wp\/v2\/users\/2"}],"replies":[{"embeddable":true,"href":"https:\/\/www.europesays.com\/se\/wp-json\/wp\/v2\/comments?post=99168"}],"version-history":[{"count":0,"href":"https:\/\/www.europesays.com\/se\/wp-json\/wp\/v2\/posts\/99168\/revisions"}],"wp:featuredmedia":[{"embeddable":true,"href":"https:\/\/www.europesays.com\/se\/wp-json\/wp\/v2\/media\/99169"}],"wp:attachment":[{"href":"https:\/\/www.europesays.com\/se\/wp-json\/wp\/v2\/media?parent=99168"}],"wp:term":[{"taxonomy":"category","embeddable":true,"href":"https:\/\/www.europesays.com\/se\/wp-json\/wp\/v2\/categories?post=99168"},{"taxonomy":"post_tag","embeddable":true,"href":"https:\/\/www.europesays.com\/se\/wp-json\/wp\/v2\/tags?post=99168"}],"curies":[{"name":"wp","href":"https:\/\/api.w.org\/{rel}","templated":true}]}}