{"id":99194,"date":"2025-12-07T10:48:13","date_gmt":"2025-12-07T10:48:13","guid":{"rendered":"https:\/\/www.europesays.com\/se\/99194\/"},"modified":"2025-12-07T10:48:13","modified_gmt":"2025-12-07T10:48:13","slug":"nya-avgiftshojningar-vantar-bostadsratter-nasta-ar","status":"publish","type":"post","link":"https:\/\/www.europesays.com\/se\/99194\/","title":{"rendered":"Nya avgiftsh\u00f6jningar v\u00e4ntar bostadsr\u00e4tter n\u00e4sta \u00e5r"},"content":{"rendered":"<p>Svenska bostadsr\u00e4ttsf\u00f6reningar v\u00e4ntas h\u00f6ja m\u00e5nadsavgiften kraftigt n\u00e4sta \u00e5r med 10\u201315 procent, rapporterar TT. <\/p>\n<p>Underlaget bygger p\u00e5 25 procent av branschorganisationen SBC:s statistik, cirka 1\u202f000 bostadsr\u00e4ttsf\u00f6reningar \u2013 och 80 procent av dem v\u00e4ntas h\u00f6ja avgiften vid \u00e5rsskiftet.<\/p>\n<p>\u2013 Det \u00e4r ganska mycket, s\u00e4ger Jenny S\u00f6derberg, ekonomisk expert p\u00e5 SBC. <\/p>\n<p>Samtidigt kan siffran bli l\u00e4gre i slut\u00e4ndan, d\u00e5 de f\u00f6reningar som beh\u00f6vt agera troligtvis agerade tidigt, resonerar hon, och tror att slutsiffran landar p\u00e5 5\u201310 procent. <\/p>\n<p>Omni \u00e4r politiskt obundna och oberoende. Vi str\u00e4var efter att ge fler perspektiv p\u00e5 nyheterna. Har du fr\u00e5gor eller synpunkter kring v\u00e5r rapportering? <a href=\"https:\/\/omni.se\/small-for-brf-agare-2026\/a\/mailto:redaktion@omni.se\" class=\"ArticleActions_contactLink__W2F1M\" rel=\"nofollow noopener\" target=\"_blank\">Kontakta redaktionen<\/a><\/p>\n","protected":false},"excerpt":{"rendered":"Svenska bostadsr\u00e4ttsf\u00f6reningar v\u00e4ntas h\u00f6ja m\u00e5nadsavgiften kraftigt n\u00e4sta \u00e5r med 10\u201315 procent, rapporterar TT. Underlaget bygger p\u00e5 25 procent&hellip;\n","protected":false},"author":2,"featured_media":99195,"comment_status":"","ping_status":"","sticky":false,"template":"","format":"standard","meta":{"footnotes":""},"categories":[5],"tags":[3831,22,23,26,27,17,21,24,25,28,29,15,16,349,18,34,31,33,32,30,19,20],"class_list":{"0":"post-99194","1":"post","2":"type-post","3":"status-publish","4":"format-standard","5":"has-post-thumbnail","7":"category-rubriker","8":"tag-bostad-och-klimat","9":"tag-breaking-news","10":"tag-breakingnews","11":"tag-featured-news","12":"tag-featurednews","13":"tag-headlines","14":"tag-huvudnyheter","15":"tag-latest-news","16":"tag-latestnews","17":"tag-main-news","18":"tag-mainnews","19":"tag-news","20":"tag-nyheter","21":"tag-privatekonomi","22":"tag-rubriker","23":"tag-se","24":"tag-svenska","25":"tag-sverige","26":"tag-sweden","27":"tag-swedish","28":"tag-top-stories","29":"tag-topstories"},"share_on_mastodon":{"url":"https:\/\/pubeurope.com\/@se\/115677895252786141","error":""},"_links":{"self":[{"href":"https:\/\/www.europesays.com\/se\/wp-json\/wp\/v2\/posts\/99194","targetHints":{"allow":["GET"]}}],"collection":[{"href":"https:\/\/www.europesays.com\/se\/wp-json\/wp\/v2\/posts"}],"about":[{"href":"https:\/\/www.europesays.com\/se\/wp-json\/wp\/v2\/types\/post"}],"author":[{"embeddable":true,"href":"https:\/\/www.europesays.com\/se\/wp-json\/wp\/v2\/users\/2"}],"replies":[{"embeddable":true,"href":"https:\/\/www.europesays.com\/se\/wp-json\/wp\/v2\/comments?post=99194"}],"version-history":[{"count":0,"href":"https:\/\/www.europesays.com\/se\/wp-json\/wp\/v2\/posts\/99194\/revisions"}],"wp:featuredmedia":[{"embeddable":true,"href":"https:\/\/www.europesays.com\/se\/wp-json\/wp\/v2\/media\/99195"}],"wp:attachment":[{"href":"https:\/\/www.europesays.com\/se\/wp-json\/wp\/v2\/media?parent=99194"}],"wp:term":[{"taxonomy":"category","embeddable":true,"href":"https:\/\/www.europesays.com\/se\/wp-json\/wp\/v2\/categories?post=99194"},{"taxonomy":"post_tag","embeddable":true,"href":"https:\/\/www.europesays.com\/se\/wp-json\/wp\/v2\/tags?post=99194"}],"curies":[{"name":"wp","href":"https:\/\/api.w.org\/{rel}","templated":true}]}}