{"id":99198,"date":"2025-12-07T10:56:11","date_gmt":"2025-12-07T10:56:11","guid":{"rendered":"https:\/\/www.europesays.com\/se\/99198\/"},"modified":"2025-12-07T10:56:11","modified_gmt":"2025-12-07T10:56:11","slug":"incident-vid-heathrow-terminal-3-flera-gripna","status":"publish","type":"post","link":"https:\/\/www.europesays.com\/se\/99198\/","title":{"rendered":"Incident vid Heathrow Terminal 3 \u2013 flera gripna"},"content":{"rendered":"<p class=\"sc-c25743f0-0 sc-e37c0145-2 hObFds DQgPn\">London Ambulance Service meddelade att ett \u201dbetydande incidentl\u00e4ge\u201d uppm\u00e4rksammades runt klockan 08.40 och en talesperson fr\u00e5n London Fire Brigade sa till Sky News att de kallades till platsen klockan 08.14 i dag f\u00f6r att assistera kollegor fr\u00e5nr\u00e4ddningstj\u00e4nsten vid en incident n\u00e4ra Terminal 3 p\u00e5 Heathrow Airport. <\/p>\n<p class=\"sc-c25743f0-0 sc-e37c0145-2 hObFds DQgPn\">En person har gripits. <\/p>\n<p class=\"sc-c25743f0-0 sc-e37c0145-2 hObFds DQgPn\">\u201dV\u00e5ra team hanterar f\u00f6r n\u00e4rvarande en incident som involverar r\u00e4ddningstj\u00e4nsten i parkeringshuset vid Terminal 3. Resen\u00e4rer uppmanas att avs\u00e4tta extra tid n\u00e4r de reser till flygplatsen och att kontakta sitt flygbolag vid fr\u00e5gor.&#8221;, skriver Heathrow p\u00e5 X. <\/p>\n","protected":false},"excerpt":{"rendered":"London Ambulance Service meddelade att ett \u201dbetydande incidentl\u00e4ge\u201d uppm\u00e4rksammades runt klockan 08.40 och en talesperson fr\u00e5n London Fire&hellip;\n","protected":false},"author":2,"featured_media":77179,"comment_status":"","ping_status":"","sticky":false,"template":"","format":"standard","meta":{"footnotes":""},"categories":[5],"tags":[22,23,26,27,17,21,24,25,28,29,15,16,18,34,31,33,32,30,19,20],"class_list":{"0":"post-99198","1":"post","2":"type-post","3":"status-publish","4":"format-standard","5":"has-post-thumbnail","7":"category-rubriker","8":"tag-breaking-news","9":"tag-breakingnews","10":"tag-featured-news","11":"tag-featurednews","12":"tag-headlines","13":"tag-huvudnyheter","14":"tag-latest-news","15":"tag-latestnews","16":"tag-main-news","17":"tag-mainnews","18":"tag-news","19":"tag-nyheter","20":"tag-rubriker","21":"tag-se","22":"tag-svenska","23":"tag-sverige","24":"tag-sweden","25":"tag-swedish","26":"tag-top-stories","27":"tag-topstories"},"share_on_mastodon":{"url":"https:\/\/pubeurope.com\/@se\/115677926715505703","error":""},"_links":{"self":[{"href":"https:\/\/www.europesays.com\/se\/wp-json\/wp\/v2\/posts\/99198","targetHints":{"allow":["GET"]}}],"collection":[{"href":"https:\/\/www.europesays.com\/se\/wp-json\/wp\/v2\/posts"}],"about":[{"href":"https:\/\/www.europesays.com\/se\/wp-json\/wp\/v2\/types\/post"}],"author":[{"embeddable":true,"href":"https:\/\/www.europesays.com\/se\/wp-json\/wp\/v2\/users\/2"}],"replies":[{"embeddable":true,"href":"https:\/\/www.europesays.com\/se\/wp-json\/wp\/v2\/comments?post=99198"}],"version-history":[{"count":0,"href":"https:\/\/www.europesays.com\/se\/wp-json\/wp\/v2\/posts\/99198\/revisions"}],"wp:featuredmedia":[{"embeddable":true,"href":"https:\/\/www.europesays.com\/se\/wp-json\/wp\/v2\/media\/77179"}],"wp:attachment":[{"href":"https:\/\/www.europesays.com\/se\/wp-json\/wp\/v2\/media?parent=99198"}],"wp:term":[{"taxonomy":"category","embeddable":true,"href":"https:\/\/www.europesays.com\/se\/wp-json\/wp\/v2\/categories?post=99198"},{"taxonomy":"post_tag","embeddable":true,"href":"https:\/\/www.europesays.com\/se\/wp-json\/wp\/v2\/tags?post=99198"}],"curies":[{"name":"wp","href":"https:\/\/api.w.org\/{rel}","templated":true}]}}