{"id":99203,"date":"2025-12-07T11:09:10","date_gmt":"2025-12-07T11:09:10","guid":{"rendered":"https:\/\/www.europesays.com\/se\/99203\/"},"modified":"2025-12-07T11:09:10","modified_gmt":"2025-12-07T11:09:10","slug":"kronofogden-varnar-for-skuldfallor-infor-jul","status":"publish","type":"post","link":"https:\/\/www.europesays.com\/se\/99203\/","title":{"rendered":"Kronofogden varnar f\u00f6r skuldf\u00e4llor inf\u00f6r jul"},"content":{"rendered":"<p>Julhandeln i december v\u00e4ntas n\u00e5 nya rekordniv\u00e5er. Samtidigt kan julklappsink\u00f6pen bli en skuldf\u00e4lla, varnar Davor Vuleta, privatekonomisk talesperson p\u00e5 Kronofogden till P4 Kristianstad. <\/p>\n<p>\u2013 De som inte har ekonomiska marginaler har stor risk att hamna efter med sina betalningar, s\u00e4ger han.<\/p>\n<p>Unders\u00f6kningar fr\u00e5n Svensk Handel och FI visar att fler \u00e4n vanligt handlar p\u00e5 kredit i november och december. \u00c4ven mindre ink\u00f6p kan bli en dyr aff\u00e4r och leda till betalningsanm\u00e4rkningar, s\u00e4ger Vuleta vidare. <\/p>\n<p>Omni \u00e4r politiskt obundna och oberoende. Vi str\u00e4var efter att ge fler perspektiv p\u00e5 nyheterna. Har du fr\u00e5gor eller synpunkter kring v\u00e5r rapportering? <a href=\"https:\/\/omni.se\/kronofogdens-varning-julhandeln-kan-bli-skuldfalla\/a\/mailto:redaktion@omni.se\" class=\"ArticleActions_contactLink__W2F1M\" rel=\"nofollow noopener\" target=\"_blank\">Kontakta redaktionen<\/a><\/p>\n","protected":false},"excerpt":{"rendered":"Julhandeln i december v\u00e4ntas n\u00e5 nya rekordniv\u00e5er. Samtidigt kan julklappsink\u00f6pen bli en skuldf\u00e4lla, varnar Davor Vuleta, privatekonomisk talesperson&hellip;\n","protected":false},"author":2,"featured_media":99204,"comment_status":"","ping_status":"","sticky":false,"template":"","format":"standard","meta":{"footnotes":""},"categories":[65],"tags":[72,70,71,11470,364,349,34,31,33,32,30],"class_list":{"0":"post-99203","1":"post","2":"type-post","3":"status-publish","4":"format-standard","5":"has-post-thumbnail","7":"category-ekonomi","8":"tag-business","9":"tag-economy","10":"tag-ekonomi","11":"tag-julhandeln","12":"tag-kronofogdemyndigheten","13":"tag-privatekonomi","14":"tag-se","15":"tag-svenska","16":"tag-sverige","17":"tag-sweden","18":"tag-swedish"},"share_on_mastodon":{"url":"https:\/\/pubeurope.com\/@se\/115677977882142022","error":""},"_links":{"self":[{"href":"https:\/\/www.europesays.com\/se\/wp-json\/wp\/v2\/posts\/99203","targetHints":{"allow":["GET"]}}],"collection":[{"href":"https:\/\/www.europesays.com\/se\/wp-json\/wp\/v2\/posts"}],"about":[{"href":"https:\/\/www.europesays.com\/se\/wp-json\/wp\/v2\/types\/post"}],"author":[{"embeddable":true,"href":"https:\/\/www.europesays.com\/se\/wp-json\/wp\/v2\/users\/2"}],"replies":[{"embeddable":true,"href":"https:\/\/www.europesays.com\/se\/wp-json\/wp\/v2\/comments?post=99203"}],"version-history":[{"count":0,"href":"https:\/\/www.europesays.com\/se\/wp-json\/wp\/v2\/posts\/99203\/revisions"}],"wp:featuredmedia":[{"embeddable":true,"href":"https:\/\/www.europesays.com\/se\/wp-json\/wp\/v2\/media\/99204"}],"wp:attachment":[{"href":"https:\/\/www.europesays.com\/se\/wp-json\/wp\/v2\/media?parent=99203"}],"wp:term":[{"taxonomy":"category","embeddable":true,"href":"https:\/\/www.europesays.com\/se\/wp-json\/wp\/v2\/categories?post=99203"},{"taxonomy":"post_tag","embeddable":true,"href":"https:\/\/www.europesays.com\/se\/wp-json\/wp\/v2\/tags?post=99203"}],"curies":[{"name":"wp","href":"https:\/\/api.w.org\/{rel}","templated":true}]}}