{"id":99213,"date":"2025-12-07T11:18:09","date_gmt":"2025-12-07T11:18:09","guid":{"rendered":"https:\/\/www.europesays.com\/se\/99213\/"},"modified":"2025-12-07T11:18:09","modified_gmt":"2025-12-07T11:18:09","slug":"europa-maste-ta-storre-ansvar-for-natos-forsvar","status":"publish","type":"post","link":"https:\/\/www.europesays.com\/se\/99213\/","title":{"rendered":"Europa m\u00e5ste ta st\u00f6rre ansvar f\u00f6r Natos f\u00f6rsvar"},"content":{"rendered":"<p>Publicerad 7 dec 2025 kl 11.40Uppdaterad kl 11.45<\/p>\n<p>USA kr\u00e4ver att de europeiska Natol\u00e4nderna tar \u00f6ver merparten av alliansens f\u00f6rsvar i Europa, uppger k\u00e4llor f\u00f6r <a href=\"https:\/\/www.reuters.com\/business\/aerospace-defense\/us-sets-2027-deadline-europe-led-nato-defense-officials-say-2025-12-05\/\" rel=\"nofollow noopener\" target=\"_blank\">Reuters<\/a>.<\/p>\n<p>Tidsfristen har satts till 2027 \u2013 om den inte h\u00e5lls kan landet dra sig ur delar av Natos f\u00f6rsvarssamarbete.<\/p>\n<p><img loading=\"lazy\"   alt=\"\"\/><\/p>\n<p>USA:s president Donald Trump.<\/p>\n<p>Foto: INSTAR \/ STELLA PICTURES \/ STELLA PICTURES<\/p>\n<p>\u00d6ppna bild i helsk\u00e4rm<img loading=\"lazy\"   alt=\"\"\/><\/p>\n<p>Trump \u00e4r kritisk till att EU inte tar mer ansvar f\u00f6r sitt f\u00f6rsvar.<\/p>\n<p>Foto: CHRISTIAN BRUNA \/ EPA \/ TT \/ EPA TT NYHETSBYR\u00c5N<\/p>\n<p>\u00d6ppna bild i helsk\u00e4rm<\/p>\n<p>Kravet framf\u00f6rdes av tj\u00e4nstem\u00e4n vid det amerikanska f\u00f6rsvarsdepartementet vid ett m\u00f6te med europeiska diplomater tidigare i veckan, skriver nyhetsbyr\u00e5n.<\/p>\n<p>Det handlar om att Europa ska ta \u00f6ver st\u00f6rre delen av Natos konventionella f\u00f6rsvar p\u00e5 kontinenten \u2013 markstyrkor, stridsflyg, \u00f6rlogsfartyg samt lednings- och underr\u00e4ttelsetj\u00e4nstsystem.<\/p>\n<p>Det skulle kunna inneb\u00e4ra att stora styrkor och vapenm\u00e4ngder som <a href=\"https:\/\/www.expressen.se\/tagg\/location\/usa\/\" class=\"\" rel=\"nofollow noopener\" target=\"_blank\">USA<\/a> nu har i europeiska l\u00e4nder beh\u00f6ver ers\u00e4ttas med egna resurser.<\/p>\n<p>Europeiska tj\u00e4nstem\u00e4n: Orealistiskt<\/p>\n<p>I Europa m\u00f6ts kravet av skepsis. Flera h\u00f6gt uppsatta tj\u00e4nstem\u00e4n uppger f\u00f6r Reuters att 2027 \u00e4r en orealistisk tidsplan och menar att det inte kommer att g\u00e5 att fylla det amerikanska bortfallet, \u00e4ven om l\u00e4nderna kraftigt \u00f6kar sina f\u00f6rsvarsutgifter.<\/p>\n<p>S\u00e4rskilt utmanande, p\u00e5pekar de, \u00e4r de l\u00e5nga k\u00f6erna f\u00f6r att k\u00f6pa in vapen och materiel nu n\u00e4r alla l\u00e4nder ska rusta upp samtidigt.<\/p>\n<p>Det \u00e4r oklart hur de europeiska l\u00e4nderna ska bed\u00f6mas mot m\u00e5let, liksom exakt hur det amerikanska tillbakadragandet skulle se ut om tidsfristen inte uppfylls.<\/p>\n<p>Kritiserats upprepade g\u00e5nger<\/p>\n<p>Sedan president Donald Trumps \u00e5terkomst i Vita huset har han vid upprepade tillf\u00e4llen kritiserat Europa f\u00f6r att inte ta tillr\u00e4ckligt ansvar f\u00f6r sin egen s\u00e4kerhet och f\u00f6r att f\u00f6rlita sig f\u00f6r mycket p\u00e5 amerikanska styrkor.<\/p>\n<p>Linjen understryks \u00e4ven i landets <a href=\"https:\/\/www.expressen.se\/nyheter\/varlden\/trumps-attack-pa-europa-civilisatorisk-utplaning\/\" rel=\"nofollow noopener\" target=\"_blank\">nya nationella s\u00e4kerhetsstrategi<\/a> som publicerades nyligen, d\u00e4r man skriver att \u201ddagarna d\u00e5 USA bar upp hela den globala ordningen som Atlas \u00e4r \u00f6ver\u201d.<\/p>\n<p><strong>L\u00c4S MER: <\/strong><a href=\"https:\/\/www.expressen.se\/nyheter\/varlden\/djupa-sprickan-mellan-europa-och-usa-trump-forrader\/\" class=\"\" rel=\"nofollow noopener\" target=\"_blank\">Djupa sprickan mellan Europa och USA: \u201dTrump f\u00f6rr\u00e5der\u201d<\/a><\/p>\n","protected":false},"excerpt":{"rendered":"Publicerad 7 dec 2025 kl 11.40Uppdaterad kl 11.45 USA kr\u00e4ver att de europeiska Natol\u00e4nderna tar \u00f6ver merparten av&hellip;\n","protected":false},"author":2,"featured_media":99214,"comment_status":"","ping_status":"","sticky":false,"template":"","format":"standard","meta":{"footnotes":""},"categories":[14],"tags":[22,23,26,27,17,21,24,25,286,45,28,29,15,16,198,18,34,55,31,33,32,30,19,204,20,51,52,53,54],"class_list":{"0":"post-99213","1":"post","2":"type-post","3":"status-publish","4":"format-standard","5":"has-post-thumbnail","7":"category-varlden","8":"tag-breaking-news","9":"tag-breakingnews","10":"tag-featured-news","11":"tag-featurednews","12":"tag-headlines","13":"tag-huvudnyheter","14":"tag-latest-news","15":"tag-latestnews","16":"tag-location-europa","17":"tag-location-usa","18":"tag-main-news","19":"tag-mainnews","20":"tag-news","21":"tag-nyheter","22":"tag-person-donald-trump","23":"tag-rubriker","24":"tag-se","25":"tag-sections-varlden","26":"tag-svenska","27":"tag-sverige","28":"tag-sweden","29":"tag-swedish","30":"tag-top-stories","31":"tag-topic-amerikansk-politik","32":"tag-topstories","33":"tag-varlden","34":"tag-world","35":"tag-world-news","36":"tag-worldnews"},"share_on_mastodon":{"url":"https:\/\/pubeurope.com\/@se\/115678013264173654","error":""},"_links":{"self":[{"href":"https:\/\/www.europesays.com\/se\/wp-json\/wp\/v2\/posts\/99213","targetHints":{"allow":["GET"]}}],"collection":[{"href":"https:\/\/www.europesays.com\/se\/wp-json\/wp\/v2\/posts"}],"about":[{"href":"https:\/\/www.europesays.com\/se\/wp-json\/wp\/v2\/types\/post"}],"author":[{"embeddable":true,"href":"https:\/\/www.europesays.com\/se\/wp-json\/wp\/v2\/users\/2"}],"replies":[{"embeddable":true,"href":"https:\/\/www.europesays.com\/se\/wp-json\/wp\/v2\/comments?post=99213"}],"version-history":[{"count":0,"href":"https:\/\/www.europesays.com\/se\/wp-json\/wp\/v2\/posts\/99213\/revisions"}],"wp:featuredmedia":[{"embeddable":true,"href":"https:\/\/www.europesays.com\/se\/wp-json\/wp\/v2\/media\/99214"}],"wp:attachment":[{"href":"https:\/\/www.europesays.com\/se\/wp-json\/wp\/v2\/media?parent=99213"}],"wp:term":[{"taxonomy":"category","embeddable":true,"href":"https:\/\/www.europesays.com\/se\/wp-json\/wp\/v2\/categories?post=99213"},{"taxonomy":"post_tag","embeddable":true,"href":"https:\/\/www.europesays.com\/se\/wp-json\/wp\/v2\/tags?post=99213"}],"curies":[{"name":"wp","href":"https:\/\/api.w.org\/{rel}","templated":true}]}}