{"id":99215,"date":"2025-12-07T11:20:39","date_gmt":"2025-12-07T11:20:39","guid":{"rendered":"https:\/\/www.europesays.com\/se\/99215\/"},"modified":"2025-12-07T11:20:39","modified_gmt":"2025-12-07T11:20:39","slug":"tjernobyls-skydd-lacker-efter-dronarattacken","status":"publish","type":"post","link":"https:\/\/www.europesays.com\/se\/99215\/","title":{"rendered":"Tjernobyls skydd l\u00e4cker efter dr\u00f6narattacken"},"content":{"rendered":"<p><a data-test-tag=\"internal-link\" href=\"https:\/\/www.aftonbladet.se\/av\/nelly-kronstrand\" class=\"hyperion-css-13ns1rr\" rel=\"nofollow noopener\" target=\"\" aria-label=\"Se alla artiklar av Nelly Kronstrand\"><img decoding=\"async\" class=\"image-asset hyperion-css-n6kkq1\" data-test-tag=\"image-asset\" src=\"https:\/\/www.europesays.com\/se\/wp-content\/uploads\/2025\/12\/1765106437_683_c6303424-a7ea-4fb2-bd57-9a7a19eb40f3\"  alt=\"\"  loading=\"lazy\" fetchpriority=\"auto\" style=\"aspect-ratio:1900 \/ 1900\"\/><\/a><\/p>\n<p class=\"boxtextgrotesk-root_baa6 hyperion-css-7pajle\">Uppdaterad 09.59 | Publicerad 2025-12-06 22.31<\/p>\n<p>share-arrowDela<\/p>\n<p>unsaveSpara<\/p>\n<p>expand-left<\/p>\n<p>helsk\u00e4rm<img decoding=\"async\" class=\"image-asset hyperion-css-u06ts1\" data-test-tag=\"image-asset\" src=\"https:\/\/www.europesays.com\/se\/wp-content\/uploads\/2025\/12\/75739dec-9607-4ae7-b39d-6f28c958fb0f\"  alt=\"Arbetare unders\u00f6ker skadorna efter dr\u00f6narattacken.\"  loading=\"eager\" fetchpriority=\"high\" style=\"aspect-ratio:1900 \/ 1266\"\/>Arbetare unders\u00f6ker skadorna efter dr\u00f6narattacken. Foto: Efrem Lukatsky\/AP<\/p>\n<p class=\"hyperion-css-1shl3oz\" data-test-tag=\"lead-text\">Tjernobyls skyddssk\u00f6ld kan inte blockera radioaktivt avfall. <\/p>\n<p class=\"hyperion-css-1shl3oz\" data-test-tag=\"lead-text\">Larmet kommer fr\u00e5n FN:s atomenergiorgans IAEA. <\/p>\n<p class=\"hyperion-css-1shl3oz\" data-test-tag=\"lead-text\"> \u2013 Det kr\u00e4vs snabba \u00e5tg\u00e4rder f\u00f6r att f\u00f6rhindra fortsatt f\u00f6rfall, s\u00e4ger generaldirekt\u00f6ren Rafael Mariano Grossi.<\/p>\n<p class=\"hyperion-css-1v9qo5x\">I februari i \u00e5r utsattes reaktorn i <a data-test-tag=\"internal-link\" href=\"https:\/\/www.aftonbladet.se\/tagg\/tjernobyl\" class=\"hyperion-css-15jkft9\" rel=\"nofollow noopener\" target=\"\" aria-label=\"Tjernobyl\">Tjernobyl<\/a> f\u00f6r en dr\u00f6narattack. <\/p>\n<p class=\"hyperion-css-1v9qo5x\"><a data-test-tag=\"internal-link\" href=\"https:\/\/www.aftonbladet.se\/tagg\/ukraina\" class=\"hyperion-css-15jkft9\" rel=\"nofollow noopener\" target=\"\" aria-label=\"Ukraina\">Ukraina<\/a> har tidigare pekat ut Ryssland, men Kreml f\u00f6rnekar inblandning i d\u00e5det. <\/p>\n<p class=\"hyperion-css-1v9qo5x\">F\u00f6rst nu, flera m\u00e5nader efter attacken, har FN:s atomenergiorgan <a data-test-tag=\"internal-link\" href=\"https:\/\/www.aftonbladet.se\/tagg\/iaea\" class=\"hyperion-css-15jkft9\" rel=\"nofollow noopener\" target=\"\" aria-label=\"IAEA\">IAEA<\/a> pekat ut en allvarlig konsekvens. <\/p>\n<p class=\"hyperion-css-1v9qo5x\">Skyddsh\u00f6ljet \u00f6ver reaktorn har f\u00f6rlorat sin huvudsakliga funktion \u2013 vilket \u00e4r att blockera str\u00e5lning och radioaktivt avfall, rapporterar <a aria-label=\"The Guardian\" class=\"default hyperion-css-15jkft9\" href=\"https:\/\/www.theguardian.com\/world\/2025\/dec\/06\/chornobyl-disaster-shelter-no-longer-blocks-radiation-and-needs-major-repair-iaea\" rel=\"noopener nofollow noreferrer\" data-test-tag=\"external-link\" target=\"_blank\">The Guardian<\/a>.<\/p>\n<p>expand-left<\/p>\n<p>helsk\u00e4rm<img decoding=\"async\" class=\"image-asset hyperion-css-u06ts1\" data-test-tag=\"image-asset\" src=\"https:\/\/www.europesays.com\/se\/wp-content\/uploads\/2025\/12\/fa37c2bb-383b-480c-b773-ab0bee664413\"  alt=\"En ukrainsk luftv\u00e4rnskanon bevakar Tjernobyl efter attacken.\"  loading=\"eager\" fetchpriority=\"high\" style=\"aspect-ratio:1900 \/ 1267\"\/>En ukrainsk luftv\u00e4rnskanon bevakar Tjernobyl efter attacken. Foto: Efrem Lukatsky\/APVarnar: Reparationer kr\u00e4vs  <\/p>\n<p class=\"hyperion-css-1v9qo5x\">Dr\u00f6narattacken tr\u00e4ffade det st\u00e5lbyggda skyddet. D\u00e5 utl\u00f6stes en brand, vilket ledde till \u201domfattande skador\u201d. <\/p>\n<p class=\"hyperion-css-1v9qo5x\">Skyddet, som heter New Safe Confinement (NSC), f\u00e4rdigst\u00e4lldes 2019 f\u00f6r att kapsla in resterna av reaktor 4 och det ursprungliga sarkofageninfoclosesarkofagenSarkofagen kallas st\u00e5lkonstruktionen \u00f6ver den f\u00f6rst\u00f6rda reaktor 4. . <\/p>\n<p class=\"hyperion-css-1v9qo5x\">Konstruktionen kostade omkring 1,5 miljarder euro. F\u00f6r att \u00e5tg\u00e4rda skadorna rekommenderar nu IAEA snabba och genomgripande reparationer. <\/p>\n<p class=\"hyperion-css-1v9qo5x\">\u2013 Begr\u00e4nsade tillf\u00e4lliga reparationer har utf\u00f6rts p\u00e5 taket, men det kr\u00e4vs snabba och omfattande \u00e5tg\u00e4rder f\u00f6r att f\u00f6rhindra ytterligare f\u00f6rfall och s\u00e4kerst\u00e4lla l\u00e5ngsiktig k\u00e4rns\u00e4kerhet, s\u00e4ger generaldirekt\u00f6ren Rafael Mariano Grossi. <\/p>\n<p>expand-left<\/p>\n<p>helsk\u00e4rm<img decoding=\"async\" class=\"image-asset hyperion-css-u06ts1\" data-test-tag=\"image-asset\" src=\"https:\/\/www.europesays.com\/se\/wp-content\/uploads\/2025\/12\/446550e9-4698-4a35-afd7-0e7cb2ca5cdc\"  alt=\"Det tidigare k\u00e4rnkraftverket i Tjernobyl.\"  loading=\"eager\" fetchpriority=\"high\" style=\"aspect-ratio:1900 \/ 1267\"\/>Det tidigare k\u00e4rnkraftverket i Tjernobyl. Foto: Efrem Lukatsky\/AP<\/p>\n<p>expand-left<\/p>\n<p>helsk\u00e4rm<img decoding=\"async\" class=\"image-asset hyperion-css-u06ts1\" data-test-tag=\"image-asset\" src=\"https:\/\/www.europesays.com\/se\/wp-content\/uploads\/2025\/12\/c080abd0-5f6a-42d4-9603-72817422d11d\"  alt=\"\"  loading=\"eager\" fetchpriority=\"high\" style=\"aspect-ratio:1900 \/ 1267\"\/> Foto: Efrem Lukatsky\/AP\u201dG\u00f6r allt vi kan\u201d  <\/p>\n<p class=\"hyperion-css-1v9qo5x\">Vid en inspektion konstaterade IAEA att attacken inte orsakat permanenta skador p\u00e5 den b\u00e4rande konstruktionen eller \u00f6vervakningssystemet. <\/p>\n<p class=\"hyperion-css-1v9qo5x\">Dock \u00e4r skadorna s\u00e5 pass omfattande att skyddet inte fungerar som det ska. F\u00f6rm\u00e5gan att h\u00e5lla inne radioaktiva \u00e4mnen \u00e4r allts\u00e5 f\u00f6rsvagad. <\/p>\n<p class=\"hyperion-css-1v9qo5x\">\u2013 Vi kommer forts\u00e4tta g\u00f6ra allt vi kan f\u00f6r att st\u00f6dja arbetet med att helt \u00e5terst\u00e4lla k\u00e4rns\u00e4kerheten och tryggheten, s\u00e4ger Rafael Mariano Grossi. <\/p>\n<p class=\"hyperion-css-1v9qo5x\">FN uppger att det i februari inte skedde n\u00e5gra omedelbara utsl\u00e4pp och att str\u00e5lningsniv\u00e5erna d\u00e5 var normala.<\/p>\n<p>Ryska attacken \u2013 personal h\u00f6lls gisslan  <\/p>\n<p class=\"hyperion-css-1v9qo5x\">Detta \u00e4r inte f\u00f6rsta g\u00e5ngen som Tjernobyl hamnar i rampljuset under Rysslands krig i Ukraina.<\/p>\n<p class=\"hyperion-css-1v9qo5x\"><a data-test-tag=\"internal-link\" href=\"https:\/\/www.aftonbladet.se\/nyheter\/a\/G32VoB\/ukrainas-president-ryssland-har-tagit-over-tjernobyl\" class=\"hyperion-css-15jkft9\" rel=\"nofollow noopener\" target=\"\" aria-label=\"I februari 2022 tog ryska trupper kontroll \u00f6ver Tjernobyl.\">I februari 2022 tog ryska trupper kontroll \u00f6ver Tjernobyl.<\/a> Personalen h\u00f6lls d\u00e5 som gisslan.<\/p>\n<p class=\"hyperion-css-1v9qo5x\">Drygt en m\u00e5nad senare l\u00e4mnade de ryska styrkorna anl\u00e4ggningen och \u00e5terl\u00e4mnade kontrollen till ukrainsk personal. <\/p>\n<p>FAKTATjernobylkatastrofen<\/p>\n<p class=\"hyperion-css-jonaf8\">square1 Natten till den 26 april 1986 havererade en av de fyra reaktorerna i Tjernobylkraftverket i norra Ukraina i samband med ett test.<\/p>\n<p class=\"hyperion-css-jonaf8\">square1 Hela reaktorbyggnaden f\u00f6rst\u00f6rdes i den v\u00e5ldsamma knallgasexplosion som f\u00f6ljde p\u00e5 h\u00e4rdsm\u00e4ltan. Det \u00e4r den hittills v\u00e4rsta k\u00e4rnkraftsolyckan som intr\u00e4ffat.<\/p>\n<p class=\"hyperion-css-jonaf8\">square1 Stora m\u00e4ngder radioaktivt material spreds med vindarna norrut \u00f6ver Europa. \u00c4nd\u00e5 dr\u00f6jde det tv\u00e5 dygn innan Sovjetunionen erk\u00e4nde att olyckan intr\u00e4ffat.<\/p>\n<p class=\"hyperion-css-jonaf8\">Den n\u00e4rliggande staden Pripjat evakuerades, liksom hundratals mindre byar i omr\u00e5det runt kraftverket.<\/p>\n<p class=\"hyperion-css-jonaf8\">square1 Den s\u00f6nderspr\u00e4ngda byggnaden fylldes med sand och betong. Senare byggdes ett skyddande skal f\u00f6r att skydda mot str\u00e5lningen.<\/p>\n<p class=\"hyperion-css-jonaf8\">square1 31 m\u00e4nniskor dog i direkt anslutning till haveriet, d\u00e4ribland de brandm\u00e4n som f\u00f6rst kom till platsen. Senare dog ytterligare elva personer som befann sig i n\u00e4rheten av kraftverket vid olyckstillf\u00e4llet.<\/p>\n<p class=\"hyperion-css-jonaf8\">square1 I Sverige fick tusentals renar n\u00f6dslaktas efter att ha betat p\u00e5 radioaktivt f\u00f6rorenade marker.<\/p>\n<p class=\"hyperion-css-jonaf8\">square1 Forskare har kunnat konstatera att str\u00e5lningen lett till en \u00f6kad frekvens av sk\u00f6ldk\u00f6rtelcancer bland barn i de drabbade l\u00e4nderna. Men det finns inga s\u00e4kra siffror p\u00e5 hur m\u00e5nga som faktiskt d\u00f6tt p\u00e5 grund av str\u00e5lningen fr\u00e5n Tjernobyl. De ber\u00e4kningar som gjorts varierar fr\u00e5n cirka 4\u00a0000 till \u00f6ver en miljon.<\/p>\n<p>L\u00e4s mer<\/p>\n","protected":false},"excerpt":{"rendered":"Uppdaterad 09.59 | Publicerad 2025-12-06 22.31 share-arrowDela unsaveSpara expand-left helsk\u00e4rmArbetare unders\u00f6ker skadorna efter dr\u00f6narattacken. Foto: Efrem Lukatsky\/AP Tjernobyls&hellip;\n","protected":false},"author":2,"featured_media":99216,"comment_status":"","ping_status":"","sticky":false,"template":"","format":"standard","meta":{"footnotes":""},"categories":[5],"tags":[22,23,26,27,17,21,24,25,28,29,15,16,18,34,31,33,32,30,19,20],"class_list":{"0":"post-99215","1":"post","2":"type-post","3":"status-publish","4":"format-standard","5":"has-post-thumbnail","7":"category-rubriker","8":"tag-breaking-news","9":"tag-breakingnews","10":"tag-featured-news","11":"tag-featurednews","12":"tag-headlines","13":"tag-huvudnyheter","14":"tag-latest-news","15":"tag-latestnews","16":"tag-main-news","17":"tag-mainnews","18":"tag-news","19":"tag-nyheter","20":"tag-rubriker","21":"tag-se","22":"tag-svenska","23":"tag-sverige","24":"tag-sweden","25":"tag-swedish","26":"tag-top-stories","27":"tag-topstories"},"share_on_mastodon":{"url":"https:\/\/pubeurope.com\/@se\/115678021284958668","error":""},"_links":{"self":[{"href":"https:\/\/www.europesays.com\/se\/wp-json\/wp\/v2\/posts\/99215","targetHints":{"allow":["GET"]}}],"collection":[{"href":"https:\/\/www.europesays.com\/se\/wp-json\/wp\/v2\/posts"}],"about":[{"href":"https:\/\/www.europesays.com\/se\/wp-json\/wp\/v2\/types\/post"}],"author":[{"embeddable":true,"href":"https:\/\/www.europesays.com\/se\/wp-json\/wp\/v2\/users\/2"}],"replies":[{"embeddable":true,"href":"https:\/\/www.europesays.com\/se\/wp-json\/wp\/v2\/comments?post=99215"}],"version-history":[{"count":0,"href":"https:\/\/www.europesays.com\/se\/wp-json\/wp\/v2\/posts\/99215\/revisions"}],"wp:featuredmedia":[{"embeddable":true,"href":"https:\/\/www.europesays.com\/se\/wp-json\/wp\/v2\/media\/99216"}],"wp:attachment":[{"href":"https:\/\/www.europesays.com\/se\/wp-json\/wp\/v2\/media?parent=99215"}],"wp:term":[{"taxonomy":"category","embeddable":true,"href":"https:\/\/www.europesays.com\/se\/wp-json\/wp\/v2\/categories?post=99215"},{"taxonomy":"post_tag","embeddable":true,"href":"https:\/\/www.europesays.com\/se\/wp-json\/wp\/v2\/tags?post=99215"}],"curies":[{"name":"wp","href":"https:\/\/api.w.org\/{rel}","templated":true}]}}