{"id":99224,"date":"2025-12-07T11:27:17","date_gmt":"2025-12-07T11:27:17","guid":{"rendered":"https:\/\/www.europesays.com\/se\/99224\/"},"modified":"2025-12-07T11:27:17","modified_gmt":"2025-12-07T11:27:17","slug":"nytt-natohogkvarter-for-sverige-finland-och-danmark","status":"publish","type":"post","link":"https:\/\/www.europesays.com\/se\/99224\/","title":{"rendered":"Nytt Natoh\u00f6gkvarter f\u00f6r Sverige, Finland och Danmark"},"content":{"rendered":"<p>        &#13;<\/p>\n<p>                    <img   alt=\"Flaggor\"\/><\/p>\n<p>        &#13;<br \/>\n            &#13;<br \/>\n            &#13;<br \/>\n                <img class=\"image\" data-lazy- data-media-viewer-image=\"https:\/\/www.forsvarsmakten.se\/ImageVault\/publishedmedia\/lp1nk074bio1rstc1c2e\/20251205_JFCNF_CEREMONY2.jpg 480w, https:\/\/www.forsvarsmakten.se\/ImageVault\/publishedmedia\/ik20w8sflg8jgrk2bzfr\/20251205_JFCNF_CEREMONY2.jpg 1024w, https:\/\/www.forsvarsmakten.se\/ImageVault\/publishedmedia\/1r5y0cikatsus2tnlgb7\/20251205_JFCNF_CEREMONY2.jpg 1440w, https:\/\/www.forsvarsmakten.se\/ImageVault\/publishedmedia\/wi28bx6puwwmaytl3zwr\/20251205_JFCNF_CEREMONY2.jpg 1920w\"  alt=\"Flaggor\"\/>&#13;<br \/>\n            &#13;<br \/>\n            &#13;<\/p>\n<p>&#13;<br \/>\n                    &#13;<br \/>\n                        Vid en ceremoni i Helsingfors uppm\u00e4rksammades i dag flytten av det operativa ansvaret f\u00f6r  Sverige, Finland och Danmark till Natos operativa h\u00f6gkvarter i Norfolk. &#13;<br \/>\n                    &#13;<br \/>\n                    &#13;<br \/>\n                        Foto: F\u00f6rsvarsmakten&#13;<br \/>\n                    &#13;\n                <\/p>\n<p>&#13;<br \/>\n            &#13;<\/p>\n<p>        &#13;<br \/>\n            &#13;<br \/>\n            &#13;<br \/>\n                <img class=\"image\" data-lazy- data-media-viewer-image=\"https:\/\/www.forsvarsmakten.se\/ImageVault\/publishedmedia\/4cjyb1bg3p9c614y4xmt\/20251205_JFCNF_CEREMONY1.jpg 480w, https:\/\/www.forsvarsmakten.se\/ImageVault\/publishedmedia\/cu9jfz4khuaqw932iilf\/20251205_JFCNF_CEREMONY1.jpg 1024w, https:\/\/www.forsvarsmakten.se\/ImageVault\/publishedmedia\/hdfalgej1grh9mfewur1\/20251205_JFCNF_CEREMONY1.jpg 1440w, https:\/\/www.forsvarsmakten.se\/ImageVault\/publishedmedia\/sntwrbptm3sup704piy4\/20251205_JFCNF_CEREMONY1.jpg 1920w\"  alt=\"Sveriges \u00d6verbef\u00e4lhavare Michael Claesson vid ceremonin f\u00f6r flytten till det nya h\u00f6gkvarteret i Norfolk.\"\/>&#13;<br \/>\n            &#13;<br \/>\n            &#13;<\/p>\n<p>&#13;<br \/>\n                    &#13;<br \/>\n                        Sveriges \u00f6verbef\u00e4lhavare Michael Claesson deltog vid ceremonin i Helsingfors i samband med flytten av det operativa ansvaret till JFC Norfolk.&#13;<br \/>\n                    &#13;<br \/>\n                    &#13;<br \/>\n                        Foto: Finska f\u00f6rsvarsmakten&#13;<br \/>\n                    &#13;\n                <\/p>\n<p>&#13;<br \/>\n            &#13;<\/p>\n<p>            &#13;<\/p>\n<p>H\u00f6gkvarteret i Norfolk, USA (Joint Forces Command Norfolk) \u00e4r Natos nyaste och enda operativa h\u00f6gkvarter p\u00e5 andra sidan Atlanten. Fr\u00e5n JFC Norfolk leds Natos avskr\u00e4ckningsaktiviteter och kollektiva f\u00f6rsvar i alliansens nordv\u00e4stra operationsomr\u00e5de vilket innefattar norra Europa, Atlanten och den arktiska regionen.<\/p>\n<p>B\u00e5de Norge och Island har sedan tidigare tillh\u00f6rt JFC Norfolk. Sverige och Finland leddes efter Natoanslutningen liksom Danmark, under JFC Brunssum i Nederl\u00e4nderna. Men fr\u00e5n och med nu kan samtliga nordiska l\u00e4nder samlas under ett och samma h\u00f6gkvarter.<\/p>\n<p>\u2013 Arktis med Nordkalotten och \u00d6stersj\u00f6regionen \u00e4r ett centralt omr\u00e5de f\u00f6r f\u00f6rsvaret av Europa och Nato. H\u00e4rifr\u00e5n skyddas den transatlantiska l\u00e4nken och de viktiga fl\u00f6dena till och fr\u00e5n, samt inom Europa. Att de nordiska l\u00e4nderna sammanf\u00f6rs inom detta operationsomr\u00e5de under operativ ledning fr\u00e5n Norfolk st\u00e4rker b\u00e5de alliansens f\u00f6rm\u00e5ga till avskr\u00e4ckning och f\u00f6ruts\u00e4ttningarna f\u00f6r v\u00e5rt kollektiva f\u00f6rsvar, s\u00e4ger \u00f6verbef\u00e4lhavare Michael Claesson.<\/p>\n<p>Ett st\u00f6rre ansvar<\/p>\n<p>Det nordv\u00e4stra operationsomr\u00e5det utg\u00f6r n\u00e4stan 80 procent av Natos totala operationsomr\u00e5de. Det str\u00e4cker sig fr\u00e5n USA:s Atlantkust i v\u00e4st till den norska och finska gr\u00e4nsen mot Ryssland i \u00f6st. Den innefattar ocks\u00e5 delar av Arktis och den viktiga transatlantiska l\u00e4nken som binder samman Nordamerika med Europa.<\/p>\n<p>Genom att operationsomr\u00e5det utvidgas f\u00f6r att \u00e4ven omfatta Danmark, Finland och Sverige f\u00e5r JFC Norfolk ett betydligt st\u00f6rre ansvar, samt att man nu f\u00e5r Natos l\u00e4ngsta landgr\u00e4ns mot Ryssland.<\/p>\n<p>Med ett fortsatt os\u00e4kert omv\u00e4rldsl\u00e4ge och \u00f6kade geopolitiska ambitioner i den arktiska regionen st\u00e4rker Nato v\u00e5r gemensamma s\u00e4kerhet och bidrar till ett tryggare Europa.<\/p>\n","protected":false},"excerpt":{"rendered":"&#13; &#13; &#13; &#13; &#13; &#13; &#13; &#13; &#13; Vid en ceremoni i Helsingfors uppm\u00e4rksammades i dag flytten&hellip;\n","protected":false},"author":2,"featured_media":99225,"comment_status":"","ping_status":"","sticky":false,"template":"","format":"standard","meta":{"footnotes":""},"categories":[14],"tags":[22,23,1205,26,27,684,17,21,24,25,28,29,15,3562,430,16,18,2152,34,31,33,32,30,19,20,51,52,53,54],"class_list":{"0":"post-99224","1":"post","2":"type-post","3":"status-publish","4":"format-standard","5":"has-post-thumbnail","7":"category-varlden","8":"tag-breaking-news","9":"tag-breakingnews","10":"tag-danmark","11":"tag-featured-news","12":"tag-featurednews","13":"tag-finland","14":"tag-headlines","15":"tag-huvudnyheter","16":"tag-latest-news","17":"tag-latestnews","18":"tag-main-news","19":"tag-mainnews","20":"tag-news","21":"tag-nordiskt-samarbete","22":"tag-norge","23":"tag-nyheter","24":"tag-rubriker","25":"tag-sakerhetspolitik","26":"tag-se","27":"tag-svenska","28":"tag-sverige","29":"tag-sweden","30":"tag-swedish","31":"tag-top-stories","32":"tag-topstories","33":"tag-varlden","34":"tag-world","35":"tag-world-news","36":"tag-worldnews"},"share_on_mastodon":{"url":"https:\/\/pubeurope.com\/@se\/115678048786571739","error":""},"_links":{"self":[{"href":"https:\/\/www.europesays.com\/se\/wp-json\/wp\/v2\/posts\/99224","targetHints":{"allow":["GET"]}}],"collection":[{"href":"https:\/\/www.europesays.com\/se\/wp-json\/wp\/v2\/posts"}],"about":[{"href":"https:\/\/www.europesays.com\/se\/wp-json\/wp\/v2\/types\/post"}],"author":[{"embeddable":true,"href":"https:\/\/www.europesays.com\/se\/wp-json\/wp\/v2\/users\/2"}],"replies":[{"embeddable":true,"href":"https:\/\/www.europesays.com\/se\/wp-json\/wp\/v2\/comments?post=99224"}],"version-history":[{"count":0,"href":"https:\/\/www.europesays.com\/se\/wp-json\/wp\/v2\/posts\/99224\/revisions"}],"wp:featuredmedia":[{"embeddable":true,"href":"https:\/\/www.europesays.com\/se\/wp-json\/wp\/v2\/media\/99225"}],"wp:attachment":[{"href":"https:\/\/www.europesays.com\/se\/wp-json\/wp\/v2\/media?parent=99224"}],"wp:term":[{"taxonomy":"category","embeddable":true,"href":"https:\/\/www.europesays.com\/se\/wp-json\/wp\/v2\/categories?post=99224"},{"taxonomy":"post_tag","embeddable":true,"href":"https:\/\/www.europesays.com\/se\/wp-json\/wp\/v2\/tags?post=99224"}],"curies":[{"name":"wp","href":"https:\/\/api.w.org\/{rel}","templated":true}]}}