{"id":99226,"date":"2025-12-07T11:28:08","date_gmt":"2025-12-07T11:28:08","guid":{"rendered":"https:\/\/www.europesays.com\/se\/99226\/"},"modified":"2025-12-07T11:28:08","modified_gmt":"2025-12-07T11:28:08","slug":"julbock-blev-katbock-i-kommunen-skrattade","status":"publish","type":"post","link":"https:\/\/www.europesays.com\/se\/99226\/","title":{"rendered":"Julbock blev \u201dk\u00e5tbock\u201d i kommunen: \u201dSkrattade\u201d"},"content":{"rendered":"<p>Publicerad 7 dec 2025 kl 11.40Uppdaterad kl 12.10<\/p>\n<p>Det julpyntas lite h\u00e4r och var.<\/p>\n<p>N\u00e4r \u00c5sa Engstr\u00f6m, 39, och hennes man var ute och k\u00f6rde st\u00f6tte de p\u00e5 den \u201dsensuella\u201d varianten av julbocken.\u00a0<\/p>\n<p>\u2013 Vi bara skrattade, s\u00e4ger hon.\u00a0<\/p>\n<p><img   alt=\"\"\/> <\/p>\n<p>Foto: Privat<\/p>\n<p>\u00d6ppna bild i helsk\u00e4rm<img loading=\"lazy\"   alt=\"\"\/> <\/p>\n<p>Foto: Privat<\/p>\n<p>\u00d6ppna bild i helsk\u00e4rm<img loading=\"lazy\"   alt=\"\"\/><\/p>\n<p>\u00c5sa Engstr\u00f6m postade bilden p\u00e5 julbocken p\u00e5 sin Facebook-sida.<\/p>\n<p>\u00d6ppna bild i helsk\u00e4rm<\/p>\n<p>Juldekorationerna i landets kommuner fick under helgen ett nytt sk\u00e4mtsamt tillskott. Utanf\u00f6r kommunhuset i Valdemarsvik hade n\u00e5gon kreativ ortsbo placerat tv\u00e5 bockar av granris i en position som inte \u00e4r den man kanske annars f\u00f6rknippar julbockarna med.\u00a0<\/p>\n<p>\u2013\u00a0Vi kunde inte h\u00e5lla oss f\u00f6r skratt, s\u00e4ger \u00c5sa Engstr\u00f6m som tillsammans med sin man uppt\u00e4ckte bockarna l\u00f6rdagsmorgonen.\u00a0<\/p>\n<p>\u2013\u00a0Det \u00e4r n\u00e5gon som har busat lite helt klart. \u00a0\u00a0\u00a0<\/p>\n<p>K\u00e5tbock<\/p>\n<p>Bilden som \u00c5sa lagt upp p\u00e5 sin Facebook har gillats av \u00f6ver 1 200 personer och renderat \u00f6ver hundra kommentarer. \u201dJulbock blir k\u00e5tbock\u201d, skriver en anv\u00e4ndare, \u201dGransamverkan???\u201d, skriver en annan.\u00a0<\/p>\n<p>\u2013\u00a0Sk\u00e4mtet verkar ha tagits v\u00e4l emot, s\u00e4ger \u00c5sa.<\/p>\n<p>Bockf\u00f6ljet\u00e5ng?\u00a0<\/p>\n<p>En intressant detalj \u00e4r att bockarna \u00e4ndrades tillbaka till \u201dnormal\u201d position under l\u00f6rdagen, varefter n\u00e5gon \u00e4ndrat bockarna till den sk\u00e4mtsamma positionen igen. Med andra ord har bockdramat potential att bli en f\u00f6ljetong i Valdemarsvik under julen.\u00a0<\/p>\n<p>\u2013 Det h\u00e4r \u00e4r ju en sommarstad, s\u00e5 det \u00e4r kul att vi f\u00e5r lite uppm\u00e4rksamhet p\u00e5 vintern ocks\u00e5, s\u00e4ger Henric Engstr\u00f6m, som tog bilden p\u00e5 bockarna. \u00a0\u00a0<\/p>\n<p>I andra kommuner har k\u00e5tbockstemat ocks\u00e5 varit n\u00e4rvarade senaste \u00e5ren. Ett exempel \u00e4r <a href=\"https:\/\/www.expressen.se\/nyheter\/sverige\/katbockarna-i-rondellen-ar-tillbaka-sa-fort-gick-det\/\" rel=\"nofollow noopener\" target=\"_blank\">K\u00e4vlinge kommun i Sk\u00e5ne<\/a>, d\u00e4r fenomenet varit \u00e5terkommande under flera \u00e5rs tid.<\/p>\n","protected":false},"excerpt":{"rendered":"Publicerad 7 dec 2025 kl 11.40Uppdaterad kl 12.10 Det julpyntas lite h\u00e4r och var. N\u00e4r \u00c5sa Engstr\u00f6m, 39,&hellip;\n","protected":false},"author":2,"featured_media":99227,"comment_status":"","ping_status":"","sticky":false,"template":"","format":"standard","meta":{"footnotes":""},"categories":[12],"tags":[22,23,26,27,17,21,24,25,11473,11472,28,29,15,16,18,34,154,31,33,32,30,19,5969,2830,20],"class_list":{"0":"post-99226","1":"post","2":"type-post","3":"status-publish","4":"format-standard","5":"has-post-thumbnail","7":"category-sverige","8":"tag-breaking-news","9":"tag-breakingnews","10":"tag-featured-news","11":"tag-featurednews","12":"tag-headlines","13":"tag-huvudnyheter","14":"tag-latest-news","15":"tag-latestnews","16":"tag-location-kavlinge","17":"tag-location-valdemarsvik-kommun","18":"tag-main-news","19":"tag-mainnews","20":"tag-news","21":"tag-nyheter","22":"tag-rubriker","23":"tag-se","24":"tag-sections-sverige","25":"tag-svenska","26":"tag-sverige","27":"tag-sweden","28":"tag-swedish","29":"tag-top-stories","30":"tag-topic-hogtider","31":"tag-topic-jul","32":"tag-topstories"},"share_on_mastodon":{"url":"https:\/\/pubeurope.com\/@se\/115678052612495178","error":""},"_links":{"self":[{"href":"https:\/\/www.europesays.com\/se\/wp-json\/wp\/v2\/posts\/99226","targetHints":{"allow":["GET"]}}],"collection":[{"href":"https:\/\/www.europesays.com\/se\/wp-json\/wp\/v2\/posts"}],"about":[{"href":"https:\/\/www.europesays.com\/se\/wp-json\/wp\/v2\/types\/post"}],"author":[{"embeddable":true,"href":"https:\/\/www.europesays.com\/se\/wp-json\/wp\/v2\/users\/2"}],"replies":[{"embeddable":true,"href":"https:\/\/www.europesays.com\/se\/wp-json\/wp\/v2\/comments?post=99226"}],"version-history":[{"count":0,"href":"https:\/\/www.europesays.com\/se\/wp-json\/wp\/v2\/posts\/99226\/revisions"}],"wp:featuredmedia":[{"embeddable":true,"href":"https:\/\/www.europesays.com\/se\/wp-json\/wp\/v2\/media\/99227"}],"wp:attachment":[{"href":"https:\/\/www.europesays.com\/se\/wp-json\/wp\/v2\/media?parent=99226"}],"wp:term":[{"taxonomy":"category","embeddable":true,"href":"https:\/\/www.europesays.com\/se\/wp-json\/wp\/v2\/categories?post=99226"},{"taxonomy":"post_tag","embeddable":true,"href":"https:\/\/www.europesays.com\/se\/wp-json\/wp\/v2\/tags?post=99226"}],"curies":[{"name":"wp","href":"https:\/\/api.w.org\/{rel}","templated":true}]}}