{"id":99235,"date":"2025-12-07T11:46:09","date_gmt":"2025-12-07T11:46:09","guid":{"rendered":"https:\/\/www.europesays.com\/se\/99235\/"},"modified":"2025-12-07T11:46:09","modified_gmt":"2025-12-07T11:46:09","slug":"anette-karlsson-blir-ordforande-for-psoriasisforbundet-borgabladet","status":"publish","type":"post","link":"https:\/\/www.europesays.com\/se\/99235\/","title":{"rendered":"Anette Karlsson blir ordf\u00f6rande f\u00f6r Psoriasisf\u00f6rbundet \u2013 Borg\u00e5bladet"},"content":{"rendered":"<p>Psoriasis \u00e4r en inflammatorisk sjukdom som drabbar hela kroppen och orsakar hud- och ledsymtom och medf\u00f6r en \u00f6kad risk att insjukna i m\u00e5nga andra sjukdomar, till exempel diabetes, hj\u00e4rt-k\u00e4rlsjukdomar samt depression. Ben\u00e4genheten att insjukna i psoriasis \u00e4r \u00e4rftlig. I Finland har 2 procent av befolkningen, det vill s\u00e4ga 100 000 personer, insjuknat i psoriasis. Psoriasis smittar inte.<\/p>\n<p>K\u00e4lla: Psoriasisf\u00f6rbundet<\/p>\n","protected":false},"excerpt":{"rendered":"Psoriasis \u00e4r en inflammatorisk sjukdom som drabbar hela kroppen och orsakar hud- och ledsymtom och medf\u00f6r en \u00f6kad&hellip;\n","protected":false},"author":2,"featured_media":99236,"comment_status":"","ping_status":"","sticky":false,"template":"","format":"standard","meta":{"footnotes":""},"categories":[69],"tags":[113,112,34,31,33,32,30],"class_list":{"0":"post-99235","1":"post","2":"type-post","3":"status-publish","4":"format-standard","5":"has-post-thumbnail","7":"category-halsa","8":"tag-halsa","9":"tag-health","10":"tag-se","11":"tag-svenska","12":"tag-sverige","13":"tag-sweden","14":"tag-swedish"},"share_on_mastodon":{"url":"https:\/\/pubeurope.com\/@se\/115678123343662120","error":""},"_links":{"self":[{"href":"https:\/\/www.europesays.com\/se\/wp-json\/wp\/v2\/posts\/99235","targetHints":{"allow":["GET"]}}],"collection":[{"href":"https:\/\/www.europesays.com\/se\/wp-json\/wp\/v2\/posts"}],"about":[{"href":"https:\/\/www.europesays.com\/se\/wp-json\/wp\/v2\/types\/post"}],"author":[{"embeddable":true,"href":"https:\/\/www.europesays.com\/se\/wp-json\/wp\/v2\/users\/2"}],"replies":[{"embeddable":true,"href":"https:\/\/www.europesays.com\/se\/wp-json\/wp\/v2\/comments?post=99235"}],"version-history":[{"count":0,"href":"https:\/\/www.europesays.com\/se\/wp-json\/wp\/v2\/posts\/99235\/revisions"}],"wp:featuredmedia":[{"embeddable":true,"href":"https:\/\/www.europesays.com\/se\/wp-json\/wp\/v2\/media\/99236"}],"wp:attachment":[{"href":"https:\/\/www.europesays.com\/se\/wp-json\/wp\/v2\/media?parent=99235"}],"wp:term":[{"taxonomy":"category","embeddable":true,"href":"https:\/\/www.europesays.com\/se\/wp-json\/wp\/v2\/categories?post=99235"},{"taxonomy":"post_tag","embeddable":true,"href":"https:\/\/www.europesays.com\/se\/wp-json\/wp\/v2\/tags?post=99235"}],"curies":[{"name":"wp","href":"https:\/\/api.w.org\/{rel}","templated":true}]}}