{"id":99246,"date":"2025-12-07T12:15:17","date_gmt":"2025-12-07T12:15:17","guid":{"rendered":"https:\/\/www.europesays.com\/se\/99246\/"},"modified":"2025-12-07T12:15:17","modified_gmt":"2025-12-07T12:15:17","slug":"assi-forlorade-sina-barn-blodbadet-skulle-sluta","status":"publish","type":"post","link":"https:\/\/www.europesays.com\/se\/99246\/","title":{"rendered":"Assi f\u00f6rlorade sina barn: \u201dBlodbadet skulle sluta\u201d"},"content":{"rendered":"<p>D\u00f6dandet i Gaza har fortsatt trots att en vapenvila g\u00e4ller sedan b\u00f6rjan av oktober. Enligt FN-siffror som The Guardian h\u00e4nvisar till har \u00f6ver 300 personer d\u00f6dats sedan dess.<\/p>\n<p>Minst 70 av dem \u00e4r barn, d\u00e4ribland Jumaa och Fadi, vars mamma Abu Assi tidningen har intervjuat.<\/p>\n<p>\u2013 De d\u00f6dades, i en tid d\u00e5 blodbadet skulle ha slutat, s\u00e4ger hon.<\/p>\n<p>Hon ber\u00e4ttar att hon k\u00e4nde en viss trygghet n\u00e4r vapenvilan utlystes och trodde att ingenting l\u00e4ngre skulle kunna skada hennes barn.<\/p>\n<p>\u2013 Men \u00f6det hade andra planer.<\/p>\n<p>Jumaa och Fadi d\u00f6dades n\u00e4r de n\u00e4rmade sig den s\u00e5 kallade gula linjen, dit den israeliska arm\u00e9n dragit sig tillbaka under vapenvilan och som inneb\u00e4r att Israel fortfarande kontrollerar 58 procent av Gaza.<\/p>\n<p>Omni \u00e4r politiskt obundna och oberoende. Vi str\u00e4var efter att ge fler perspektiv p\u00e5 nyheterna. Har du fr\u00e5gor eller synpunkter kring v\u00e5r rapportering? <a href=\"https:\/\/omni.se\/assi-forlorade-sina-barn-blodbadet-skulle-sluta\/a\/mailto:redaktion@omni.se\" class=\"ArticleActions_contactLink__W2F1M\" rel=\"nofollow noopener\" target=\"_blank\">Kontakta redaktionen<\/a><\/p>\n","protected":false},"excerpt":{"rendered":"D\u00f6dandet i Gaza har fortsatt trots att en vapenvila g\u00e4ller sedan b\u00f6rjan av oktober. Enligt FN-siffror som The&hellip;\n","protected":false},"author":2,"featured_media":99247,"comment_status":"","ping_status":"","sticky":false,"template":"","format":"standard","meta":{"footnotes":""},"categories":[14],"tags":[22,23,26,27,121,17,21,342,24,25,28,29,124,125,15,16,18,34,31,33,32,30,19,20,51,52,53,54],"class_list":{"0":"post-99246","1":"post","2":"type-post","3":"status-publish","4":"format-standard","5":"has-post-thumbnail","7":"category-varlden","8":"tag-breaking-news","9":"tag-breakingnews","10":"tag-featured-news","11":"tag-featurednews","12":"tag-gaza","13":"tag-headlines","14":"tag-huvudnyheter","15":"tag-israel","16":"tag-latest-news","17":"tag-latestnews","18":"tag-main-news","19":"tag-mainnews","20":"tag-mellanostern","21":"tag-mellanosternkrisen","22":"tag-news","23":"tag-nyheter","24":"tag-rubriker","25":"tag-se","26":"tag-svenska","27":"tag-sverige","28":"tag-sweden","29":"tag-swedish","30":"tag-top-stories","31":"tag-topstories","32":"tag-varlden","33":"tag-world","34":"tag-world-news","35":"tag-worldnews"},"share_on_mastodon":{"url":"https:\/\/pubeurope.com\/@se\/115678237413408082","error":""},"_links":{"self":[{"href":"https:\/\/www.europesays.com\/se\/wp-json\/wp\/v2\/posts\/99246","targetHints":{"allow":["GET"]}}],"collection":[{"href":"https:\/\/www.europesays.com\/se\/wp-json\/wp\/v2\/posts"}],"about":[{"href":"https:\/\/www.europesays.com\/se\/wp-json\/wp\/v2\/types\/post"}],"author":[{"embeddable":true,"href":"https:\/\/www.europesays.com\/se\/wp-json\/wp\/v2\/users\/2"}],"replies":[{"embeddable":true,"href":"https:\/\/www.europesays.com\/se\/wp-json\/wp\/v2\/comments?post=99246"}],"version-history":[{"count":0,"href":"https:\/\/www.europesays.com\/se\/wp-json\/wp\/v2\/posts\/99246\/revisions"}],"wp:featuredmedia":[{"embeddable":true,"href":"https:\/\/www.europesays.com\/se\/wp-json\/wp\/v2\/media\/99247"}],"wp:attachment":[{"href":"https:\/\/www.europesays.com\/se\/wp-json\/wp\/v2\/media?parent=99246"}],"wp:term":[{"taxonomy":"category","embeddable":true,"href":"https:\/\/www.europesays.com\/se\/wp-json\/wp\/v2\/categories?post=99246"},{"taxonomy":"post_tag","embeddable":true,"href":"https:\/\/www.europesays.com\/se\/wp-json\/wp\/v2\/tags?post=99246"}],"curies":[{"name":"wp","href":"https:\/\/api.w.org\/{rel}","templated":true}]}}