{"id":99251,"date":"2025-12-07T12:28:11","date_gmt":"2025-12-07T12:28:11","guid":{"rendered":"https:\/\/www.europesays.com\/se\/99251\/"},"modified":"2025-12-07T12:28:11","modified_gmt":"2025-12-07T12:28:11","slug":"julmusik-i-tyreso-tyreso-kommun","status":"publish","type":"post","link":"https:\/\/www.europesays.com\/se\/99251\/","title":{"rendered":"Julmusik i Tyres\u00f6 &#8211; Tyres\u00f6 kommun"},"content":{"rendered":"<p class=\"font-normal\"><a href=\"https:\/\/www.tyreso.se\/arkiv\/evenemang.html\" rel=\"nofollow noopener\" target=\"_blank\">Du hittar alltid aktuella evenemang i evenemangskalendern.<\/a><\/p>\n<p>Onsdag 10 december kl 12\u201313, Biblioteket i Tyres\u00f6 centrum<\/p>\n<p class=\"font-normal\"><strong>Kulturtimmen: V\u00e4rmande toner i adventstid<br \/><\/strong>Sebastian Dur\u00e1n (baryton) och Karin Haglund (piano) framf\u00f6r tillsammans s\u00e5nger och musik av bl a Sibelius, Nordqvist och Holst. Det bjuds p\u00e5 s\u00e5v\u00e4l klassiska adventsp\u00e4rlor, som mindre k\u00e4nda tong\u00e5ngar.<\/p>\n<p>Onsdag 10 december och torsdag 11 december <br \/>kl 19.00 \u2013 20.15, Tyres\u00f6 kyrka<\/p>\n<p class=\"font-normal\"><strong>Lucia- och julkonsert: var inte r\u00e4dd f\u00f6r m\u00f6rkret<\/strong><br \/>Tyres\u00f6 Vokalensembles med b\u00e5de traditionella och nya s\u00e5nger.<\/p>\n<p>Fredag 12 december kl 19.30 \u2013 20.30, Forellscenen, Forellv\u00e4gen 5<\/p>\n<p class=\"font-normal\"><strong>Julshow<\/strong><br \/>Kulturskolans elever bjuder in till julshow med dans, musik, film och teater<\/p>\n<p>S\u00f6ndag 14 december kl 15.00 \u2013 18.00, Filadelfia Tyres\u00f6, Bollmorav\u00e4gen 131<\/p>\n<p class=\"font-normal\"><strong>Julkonsert<\/strong><br \/>S\u00f6ndagen den 14 december kl.16.00 bjuder f\u00f6rsamlingens alla s\u00e5ngare och musiker in alla att sjunga in julen! Mingelgl\u00f6gg fr\u00e5n 15.00.<\/p>\n<p>M\u00e5ndag 15 december kl 19.00 \u2013 20.00, Tyres\u00f6 gymnasiums aula<\/p>\n<p class=\"font-normal\"><strong>Julkonsert<\/strong><br \/>En st\u00e4mningsfull konsert med elever fr\u00e5n Tyres\u00f6 kulturskola.<\/p>\n<p class=\"font-normal\"><a href=\"https:\/\/www.tyreso.se\/arkiv\/evenemang.html\" rel=\"nofollow noopener\" target=\"_blank\">Du hittar alltid aktuella evenemang i evenemangskalendern.<\/a><\/p>\n","protected":false},"excerpt":{"rendered":"Du hittar alltid aktuella evenemang i evenemangskalendern. Onsdag 10 december kl 12\u201313, Biblioteket i Tyres\u00f6 centrum Kulturtimmen: V\u00e4rmande&hellip;\n","protected":false},"author":2,"featured_media":99252,"comment_status":"","ping_status":"","sticky":false,"template":"","format":"standard","meta":{"footnotes":""},"categories":[67],"tags":[104,34,31,33,32,30,8043,105],"class_list":{"0":"post-99251","1":"post","2":"type-post","3":"status-publish","4":"format-standard","5":"has-post-thumbnail","7":"category-underhallning","8":"tag-entertainment","9":"tag-se","10":"tag-svenska","11":"tag-sverige","12":"tag-sweden","13":"tag-swedish","14":"tag-tyreso","15":"tag-underhallning"},"share_on_mastodon":{"url":"https:\/\/pubeurope.com\/@se\/115678288481882212","error":""},"_links":{"self":[{"href":"https:\/\/www.europesays.com\/se\/wp-json\/wp\/v2\/posts\/99251","targetHints":{"allow":["GET"]}}],"collection":[{"href":"https:\/\/www.europesays.com\/se\/wp-json\/wp\/v2\/posts"}],"about":[{"href":"https:\/\/www.europesays.com\/se\/wp-json\/wp\/v2\/types\/post"}],"author":[{"embeddable":true,"href":"https:\/\/www.europesays.com\/se\/wp-json\/wp\/v2\/users\/2"}],"replies":[{"embeddable":true,"href":"https:\/\/www.europesays.com\/se\/wp-json\/wp\/v2\/comments?post=99251"}],"version-history":[{"count":0,"href":"https:\/\/www.europesays.com\/se\/wp-json\/wp\/v2\/posts\/99251\/revisions"}],"wp:featuredmedia":[{"embeddable":true,"href":"https:\/\/www.europesays.com\/se\/wp-json\/wp\/v2\/media\/99252"}],"wp:attachment":[{"href":"https:\/\/www.europesays.com\/se\/wp-json\/wp\/v2\/media?parent=99251"}],"wp:term":[{"taxonomy":"category","embeddable":true,"href":"https:\/\/www.europesays.com\/se\/wp-json\/wp\/v2\/categories?post=99251"},{"taxonomy":"post_tag","embeddable":true,"href":"https:\/\/www.europesays.com\/se\/wp-json\/wp\/v2\/tags?post=99251"}],"curies":[{"name":"wp","href":"https:\/\/api.w.org\/{rel}","templated":true}]}}