{"id":99257,"date":"2025-12-07T12:44:21","date_gmt":"2025-12-07T12:44:21","guid":{"rendered":"https:\/\/www.europesays.com\/se\/99257\/"},"modified":"2025-12-07T12:44:21","modified_gmt":"2025-12-07T12:44:21","slug":"da-kommer-relationen-inte-overleva-julen","status":"publish","type":"post","link":"https:\/\/www.europesays.com\/se\/99257\/","title":{"rendered":"D\u00e5 kommer relationen inte \u00f6verleva julen"},"content":{"rendered":"<p>expand-left<\/p>\n<p>helsk\u00e4rm<img decoding=\"async\" class=\"image-asset hyperion-css-u06ts1\" data-test-tag=\"image-asset\" src=\"https:\/\/www.europesays.com\/se\/wp-content\/uploads\/2025\/12\/ae5dfe15-6a26-4428-85e9-f26d863493c0\"  alt=\"\"  loading=\"eager\" fetchpriority=\"high\" style=\"aspect-ratio:1900 \/ 995\"\/><\/p>\n<p class=\"hyperion-css-1shl3oz\" data-test-tag=\"lead-text\">Gl\u00f6m julefriden och att krypa upp i soffan med en dubbelfattad kopp gl\u00f6gg. F\u00f6r en del svenska par v\u00e4ntar en jul som liknar en \u00e5ngestfylld pj\u00e4s av Lars Nor\u00e9n. H\u00e4r ber\u00e4ttar experten Anneli \u00d6stling om signalerna p\u00e5 att relationen inte \u00f6verlever helgerna. <\/p>\n<p class=\"hyperion-css-1v9qo5x\">check Experten listar: 7 varningstecken att h\u00e5lla koll p\u00e5<br \/>check \u201dUnder december uppst\u00e5r ofta en \u00f6verbelastning\u201d <br \/>check Knepet kan r\u00e4dda k\u00e4rleken: Beh\u00f6ver inte dagligen h\u00e5lla p\u00e5 och dutta<\/p>\n","protected":false},"excerpt":{"rendered":"expand-left helsk\u00e4rm Gl\u00f6m julefriden och att krypa upp i soffan med en dubbelfattad kopp gl\u00f6gg. F\u00f6r en del&hellip;\n","protected":false},"author":2,"featured_media":99258,"comment_status":"","ping_status":"","sticky":false,"template":"","format":"standard","meta":{"footnotes":""},"categories":[67],"tags":[104,34,31,33,32,30,105],"class_list":{"0":"post-99257","1":"post","2":"type-post","3":"status-publish","4":"format-standard","5":"has-post-thumbnail","7":"category-underhallning","8":"tag-entertainment","9":"tag-se","10":"tag-svenska","11":"tag-sverige","12":"tag-sweden","13":"tag-swedish","14":"tag-underhallning"},"share_on_mastodon":{"url":"https:\/\/pubeurope.com\/@se\/115678351577129150","error":""},"_links":{"self":[{"href":"https:\/\/www.europesays.com\/se\/wp-json\/wp\/v2\/posts\/99257","targetHints":{"allow":["GET"]}}],"collection":[{"href":"https:\/\/www.europesays.com\/se\/wp-json\/wp\/v2\/posts"}],"about":[{"href":"https:\/\/www.europesays.com\/se\/wp-json\/wp\/v2\/types\/post"}],"author":[{"embeddable":true,"href":"https:\/\/www.europesays.com\/se\/wp-json\/wp\/v2\/users\/2"}],"replies":[{"embeddable":true,"href":"https:\/\/www.europesays.com\/se\/wp-json\/wp\/v2\/comments?post=99257"}],"version-history":[{"count":0,"href":"https:\/\/www.europesays.com\/se\/wp-json\/wp\/v2\/posts\/99257\/revisions"}],"wp:featuredmedia":[{"embeddable":true,"href":"https:\/\/www.europesays.com\/se\/wp-json\/wp\/v2\/media\/99258"}],"wp:attachment":[{"href":"https:\/\/www.europesays.com\/se\/wp-json\/wp\/v2\/media?parent=99257"}],"wp:term":[{"taxonomy":"category","embeddable":true,"href":"https:\/\/www.europesays.com\/se\/wp-json\/wp\/v2\/categories?post=99257"},{"taxonomy":"post_tag","embeddable":true,"href":"https:\/\/www.europesays.com\/se\/wp-json\/wp\/v2\/tags?post=99257"}],"curies":[{"name":"wp","href":"https:\/\/api.w.org\/{rel}","templated":true}]}}