{"id":99269,"date":"2025-12-07T13:07:08","date_gmt":"2025-12-07T13:07:08","guid":{"rendered":"https:\/\/www.europesays.com\/se\/99269\/"},"modified":"2025-12-07T13:07:08","modified_gmt":"2025-12-07T13:07:08","slug":"starkt-fortroende-for-tidopartierna-i-flera-fragor","status":"publish","type":"post","link":"https:\/\/www.europesays.com\/se\/99269\/","title":{"rendered":"St\u00e4rkt f\u00f6rtroende f\u00f6r Tid\u00f6partierna i flera fr\u00e5gor"},"content":{"rendered":"<p>F\u00f6rtroendet \u00f6kar f\u00f6r Tid\u00f6partierna n\u00e4r det kommer till flera av v\u00e4ljarnas viktigaste fr\u00e5gor, visar en ny m\u00e4tning som Verian gjort p\u00e5 uppdrag av SVT.<\/p>\n<p>Enligt v\u00e4ljarna \u00e4ger oppositionen nio politiska sakfr\u00e5gor medan Tid\u00f6partierna \u00e4ger \u00e5tta, samtidigt som sex \u00e4r oavgjorda. Det inneb\u00e4r att Tid\u00f6partierna knappar in j\u00e4mf\u00f6rt med m\u00e4tningen i juni d\u00e5 det stod elva\u2013sju till oppositionen.<\/p>\n<p>Oppositionspartierna har h\u00f6gst f\u00f6rtroende i fr\u00e5gor som bland annat milj\u00f6 och klimat, sjukv\u00e5rden och bost\u00e4der. Tid\u00f6partierna har i sin tur h\u00f6gst f\u00f6rtroende n\u00e4r det g\u00e4ller lag och ordning, f\u00f6rsvar och invandring.<\/p>\n<p>\u2013 I opinionsm\u00e4tningar har oppositionen ett tydligt \u00f6vertag, men n\u00e4r vi tittar p\u00e5 sakfr\u00e5ge\u00e4garskap ser bilden j\u00e4mnare ut, s\u00e4ger Per S\u00f6derpalm, opinionschef p\u00e5 Verian.<\/p>\n<p>Omni \u00e4r politiskt obundna och oberoende. Vi str\u00e4var efter att ge fler perspektiv p\u00e5 nyheterna. Har du fr\u00e5gor eller synpunkter kring v\u00e5r rapportering? <a href=\"https:\/\/omni.se\/fortroendet-for-tidopartierna-okar-i-flera-fragor\/a\/mailto:redaktion@omni.se\" class=\"ArticleActions_contactLink__W2F1M\" rel=\"nofollow noopener\" target=\"_blank\">Kontakta redaktionen<\/a><\/p>\n","protected":false},"excerpt":{"rendered":"F\u00f6rtroendet \u00f6kar f\u00f6r Tid\u00f6partierna n\u00e4r det kommer till flera av v\u00e4ljarnas viktigaste fr\u00e5gor, visar en ny m\u00e4tning som&hellip;\n","protected":false},"author":2,"featured_media":99270,"comment_status":"","ping_status":"","sticky":false,"template":"","format":"standard","meta":{"footnotes":""},"categories":[12],"tags":[22,23,26,27,17,21,1107,24,25,639,28,29,1234,551,15,16,1982,369,18,34,1557,31,33,617,32,30,19,20,1406],"class_list":{"0":"post-99269","1":"post","2":"type-post","3":"status-publish","4":"format-standard","5":"has-post-thumbnail","7":"category-sverige","8":"tag-breaking-news","9":"tag-breakingnews","10":"tag-featured-news","11":"tag-featurednews","12":"tag-headlines","13":"tag-huvudnyheter","14":"tag-kristdemokraterna","15":"tag-latest-news","16":"tag-latestnews","17":"tag-liberalerna","18":"tag-main-news","19":"tag-mainnews","20":"tag-miljopartiet","21":"tag-moderaterna","22":"tag-news","23":"tag-nyheter","24":"tag-opinionsundersokningar","25":"tag-politik","26":"tag-rubriker","27":"tag-se","28":"tag-socialdemokraterna","29":"tag-svenska","30":"tag-sverige","31":"tag-sverigedemokraterna","32":"tag-sweden","33":"tag-swedish","34":"tag-top-stories","35":"tag-topstories","36":"tag-vansterpartiet"},"share_on_mastodon":{"url":"https:\/\/pubeurope.com\/@se\/115678441850265806","error":""},"_links":{"self":[{"href":"https:\/\/www.europesays.com\/se\/wp-json\/wp\/v2\/posts\/99269","targetHints":{"allow":["GET"]}}],"collection":[{"href":"https:\/\/www.europesays.com\/se\/wp-json\/wp\/v2\/posts"}],"about":[{"href":"https:\/\/www.europesays.com\/se\/wp-json\/wp\/v2\/types\/post"}],"author":[{"embeddable":true,"href":"https:\/\/www.europesays.com\/se\/wp-json\/wp\/v2\/users\/2"}],"replies":[{"embeddable":true,"href":"https:\/\/www.europesays.com\/se\/wp-json\/wp\/v2\/comments?post=99269"}],"version-history":[{"count":0,"href":"https:\/\/www.europesays.com\/se\/wp-json\/wp\/v2\/posts\/99269\/revisions"}],"wp:featuredmedia":[{"embeddable":true,"href":"https:\/\/www.europesays.com\/se\/wp-json\/wp\/v2\/media\/99270"}],"wp:attachment":[{"href":"https:\/\/www.europesays.com\/se\/wp-json\/wp\/v2\/media?parent=99269"}],"wp:term":[{"taxonomy":"category","embeddable":true,"href":"https:\/\/www.europesays.com\/se\/wp-json\/wp\/v2\/categories?post=99269"},{"taxonomy":"post_tag","embeddable":true,"href":"https:\/\/www.europesays.com\/se\/wp-json\/wp\/v2\/tags?post=99269"}],"curies":[{"name":"wp","href":"https:\/\/api.w.org\/{rel}","templated":true}]}}