{"id":99309,"date":"2025-12-07T14:04:10","date_gmt":"2025-12-07T14:04:10","guid":{"rendered":"https:\/\/www.europesays.com\/se\/99309\/"},"modified":"2025-12-07T14:04:10","modified_gmt":"2025-12-07T14:04:10","slug":"darfor-graver-svt-i-joakim-lundells-barndomstrauman","status":"publish","type":"post","link":"https:\/\/www.europesays.com\/se\/99309\/","title":{"rendered":"D\u00e4rf\u00f6r gr\u00e4ver SVT i Joakim Lundells barndomstrauman"},"content":{"rendered":"<p>\u00c4r det r\u00e4tt av SVT att granska Joakim Lundells barndomstrauman? Vad vill Trump egentligen uppn\u00e5 med sin nya diplomati? Och hur ska man egentligen f\u00f6rst\u00e5 det invecklade kriget i Sudan?<\/p>\n<p>H\u00e4r \u00e4r veckans poddtips f\u00f6r dig som vill veta mer om&#8230;<\/p>\n<p>SVT:s granskning av influeraren Joakim Lundells p\u00e5st\u00e5enden kring hans sv\u00e5ra uppv\u00e4xt har v\u00e4ckt en mediestorm under veckan. Dokument\u00e4rserien nystar i vilka bel\u00e4gg han faktiskt har f\u00f6r sina anklagelser mot sin mamma, n\u00e5got som lett till o\u00e4ndlig kritik i kommentarsf\u00e4lt och rekordm\u00e5nga anm\u00e4lningar. Lundell hotar med att st\u00e4mma, men SVT kontrar med att publiceringen \u00e4r befogad. H\u00f6r mer om debatten kring granskningen i det senaste avsnittet av Sveriges Radios Medierna.<\/p>\n<p>Har Donald Trump en egentlig plan f\u00f6r att m\u00e4kla fred i Ukraina? Den fr\u00e5gan har m\u00e5nga st\u00e4llt allt eftersom turerna i f\u00f6rhandlingarna mellan Vita huset och Kreml forts\u00e4tter. Wall Street Journal tar oss med in i Trumpadministrationens nya approach till diplomati och vilken effekt den kan f\u00e5 p\u00e5 relationen mellan USA och EU. <\/p>\n<p><a target=\"_blank\" class=\"ArticleLink_link__qyUYQ\" href=\"https:\/\/www.wsj.com\/podcasts\/the-journal\" rel=\"nofollow noopener\">Lyssna h\u00e4r<\/a><\/p>\n<p>podd\u00a0\u00b7\u00a0The Wall Street Journal\u00a0 \u00b7 Ofta betalv\u00e4gg<\/p>\n<p>Avsl\u00f6jandena kring Socialdemokraternas mediebolag AiP skapar m\u00e5nga fr\u00e5getecken. Aftonbladets En runda till f\u00f6rs\u00f6ker \u201dreda ut hur slarvigt och dumt hanterat det h\u00e4r \u00e4r fr\u00e5n partiets sida\u201d, samtidigt som man ger sig p\u00e5 att f\u00f6rklara vad det \u00e4r som faktiskt h\u00e4nt.<\/p>\n<p>Minst 40\u202f000 har d\u00f6dats och \u00f6ver fyra miljoner har flytt Sudan sedan april 2023, d\u00e5 ett blodigt inb\u00f6rdeskrig br\u00f6t ut. Det har kallats \u201ddet bortgl\u00f6mda kriget\u201d och har m\u00e5nga komplicerade f\u00f6rklaringar. Flera av dem med l\u00e5ngtg\u00e5ende historiska r\u00f6tter. Detta, och lite till, ger sig NPR p\u00e5 i en bara \u00e5tta minuter l\u00e5ng genomg\u00e5ng av sk\u00e4len till inb\u00f6rdeskriget i Sudan.<\/p>\n<p>Om s\u00f6ndagslyssning<\/p>\n<p>Under rubriken \u201dS\u00f6ndagslyssning\u201d rekommenderar Omni-redaktionen under helgen n\u00e5gra intressanta poddar om nyhetsh\u00e4ndelser och aktuella snackisar. <\/p>\n<p>Om Omni-helg<\/p>\n<p>Svepen \u00e4r en del av Omnis helgsatsning med rekommendationer p\u00e5 l\u00e4sv\u00e4rda, aktuella och intressanta recensioner, intervjuer och poddar som publiceras varje helg. <\/p>\n<p>Omni \u00e4r politiskt obundna och oberoende. Vi str\u00e4var efter att ge fler perspektiv p\u00e5 nyheterna. Har du fr\u00e5gor eller synpunkter kring v\u00e5r rapportering? <a href=\"https:\/\/omni.se\/darfor-graver-svt-i-joakim-lundells-barndomstrauman\/a\/mailto:redaktion@omni.se\" class=\"ArticleActions_contactLink__W2F1M\" rel=\"nofollow noopener\" target=\"_blank\">Kontakta redaktionen<\/a><\/p>\n","protected":false},"excerpt":{"rendered":"\u00c4r det r\u00e4tt av SVT att granska Joakim Lundells barndomstrauman? Vad vill Trump egentligen uppn\u00e5 med sin nya&hellip;\n","protected":false},"author":2,"featured_media":99310,"comment_status":"","ping_status":"","sticky":false,"template":"","format":"standard","meta":{"footnotes":""},"categories":[67],"tags":[385,104,73,267,270,2710,732,2822,5020,34,3338,31,33,586,32,30,263,105],"class_list":{"0":"post-99309","1":"post","2":"type-post","3":"status-publish","4":"format-standard","5":"has-post-thumbnail","7":"category-underhallning","8":"tag-donald-trump","9":"tag-entertainment","10":"tag-eu","11":"tag-europa","12":"tag-helg","13":"tag-joakim-lundell","14":"tag-media-reklam","15":"tag-omnimallar","16":"tag-podcast","17":"tag-se","18":"tag-sudan","19":"tag-svenska","20":"tag-sverige","21":"tag-svt","22":"tag-sweden","23":"tag-swedish","24":"tag-ukraina","25":"tag-underhallning"},"share_on_mastodon":{"url":"https:\/\/pubeurope.com\/@se\/115678665989128549","error":""},"_links":{"self":[{"href":"https:\/\/www.europesays.com\/se\/wp-json\/wp\/v2\/posts\/99309","targetHints":{"allow":["GET"]}}],"collection":[{"href":"https:\/\/www.europesays.com\/se\/wp-json\/wp\/v2\/posts"}],"about":[{"href":"https:\/\/www.europesays.com\/se\/wp-json\/wp\/v2\/types\/post"}],"author":[{"embeddable":true,"href":"https:\/\/www.europesays.com\/se\/wp-json\/wp\/v2\/users\/2"}],"replies":[{"embeddable":true,"href":"https:\/\/www.europesays.com\/se\/wp-json\/wp\/v2\/comments?post=99309"}],"version-history":[{"count":0,"href":"https:\/\/www.europesays.com\/se\/wp-json\/wp\/v2\/posts\/99309\/revisions"}],"wp:featuredmedia":[{"embeddable":true,"href":"https:\/\/www.europesays.com\/se\/wp-json\/wp\/v2\/media\/99310"}],"wp:attachment":[{"href":"https:\/\/www.europesays.com\/se\/wp-json\/wp\/v2\/media?parent=99309"}],"wp:term":[{"taxonomy":"category","embeddable":true,"href":"https:\/\/www.europesays.com\/se\/wp-json\/wp\/v2\/categories?post=99309"},{"taxonomy":"post_tag","embeddable":true,"href":"https:\/\/www.europesays.com\/se\/wp-json\/wp\/v2\/tags?post=99309"}],"curies":[{"name":"wp","href":"https:\/\/api.w.org\/{rel}","templated":true}]}}