{"id":99354,"date":"2025-12-07T15:01:08","date_gmt":"2025-12-07T15:01:08","guid":{"rendered":"https:\/\/www.europesays.com\/se\/99354\/"},"modified":"2025-12-07T15:01:08","modified_gmt":"2025-12-07T15:01:08","slug":"lando-norris-blir-varldsmastare-i-formel-1","status":"publish","type":"post","link":"https:\/\/www.europesays.com\/se\/99354\/","title":{"rendered":"Lando Norris blir v\u00e4rldsm\u00e4stare i Formel 1"},"content":{"rendered":"<p>McLarens Lando Norris kniper f\u00f6rarm\u00e4sterskapstiteln i Formel 1 fr\u00e5n Max Verstappen. I s\u00e4songens sista lopp i Abu Dhabi slutade Norris trea bakom Oscar Piastri p\u00e5 andra plats och Verstappen som vann. De 15 po\u00e4ngen r\u00e4ckte f\u00f6r att avsluta s\u00e4songen p\u00e5 423 po\u00e4ng mot Verstappens 421.<\/p>\n<p>Trea i totalst\u00e4llningen blir Norris stallkollega Oscar Piastri.<\/p>\n<p>\u2013 Du gjorde det, du gjorde det, ropar stallchefen Zac Brown i Norris h\u00f6rlurar.<\/p>\n<p>Titeln \u00e4r Norris f\u00f6rsta i karri\u00e4ren. McLaren har sedan tidigare s\u00e4krat \u00e5rets konstrukt\u00f6rsm\u00e4sterskapet.<\/p>\n<p>Omni \u00e4r politiskt obundna och oberoende. Vi str\u00e4var efter att ge fler perspektiv p\u00e5 nyheterna. Har du fr\u00e5gor eller synpunkter kring v\u00e5r rapportering? <a href=\"https:\/\/omni.se\/lando-norris-blir-varldsmastare-i-formel-1\/a\/mailto:redaktion@omni.se\" class=\"ArticleActions_contactLink__W2F1M\" rel=\"nofollow noopener\" target=\"_blank\">Kontakta redaktionen<\/a><\/p>\n","protected":false},"excerpt":{"rendered":"McLarens Lando Norris kniper f\u00f6rarm\u00e4sterskapstiteln i Formel 1 fr\u00e5n Max Verstappen. I s\u00e4songens sista lopp i Abu Dhabi&hellip;\n","protected":false},"author":2,"featured_media":99355,"comment_status":"","ping_status":"","sticky":false,"template":"","format":"standard","meta":{"footnotes":""},"categories":[68],"tags":[1847,1349,11026,11028,34,111,110,31,33,32,30],"class_list":{"0":"post-99354","1":"post","2":"type-post","3":"status-publish","4":"format-standard","5":"has-post-thumbnail","7":"category-sport","8":"tag-formel-1","9":"tag-lando-norris","10":"tag-max-verstappen","11":"tag-oscar-piastri","12":"tag-se","13":"tag-sport","14":"tag-sports","15":"tag-svenska","16":"tag-sverige","17":"tag-sweden","18":"tag-swedish"},"share_on_mastodon":{"url":"https:\/\/pubeurope.com\/@se\/115678890183260147","error":""},"_links":{"self":[{"href":"https:\/\/www.europesays.com\/se\/wp-json\/wp\/v2\/posts\/99354","targetHints":{"allow":["GET"]}}],"collection":[{"href":"https:\/\/www.europesays.com\/se\/wp-json\/wp\/v2\/posts"}],"about":[{"href":"https:\/\/www.europesays.com\/se\/wp-json\/wp\/v2\/types\/post"}],"author":[{"embeddable":true,"href":"https:\/\/www.europesays.com\/se\/wp-json\/wp\/v2\/users\/2"}],"replies":[{"embeddable":true,"href":"https:\/\/www.europesays.com\/se\/wp-json\/wp\/v2\/comments?post=99354"}],"version-history":[{"count":0,"href":"https:\/\/www.europesays.com\/se\/wp-json\/wp\/v2\/posts\/99354\/revisions"}],"wp:featuredmedia":[{"embeddable":true,"href":"https:\/\/www.europesays.com\/se\/wp-json\/wp\/v2\/media\/99355"}],"wp:attachment":[{"href":"https:\/\/www.europesays.com\/se\/wp-json\/wp\/v2\/media?parent=99354"}],"wp:term":[{"taxonomy":"category","embeddable":true,"href":"https:\/\/www.europesays.com\/se\/wp-json\/wp\/v2\/categories?post=99354"},{"taxonomy":"post_tag","embeddable":true,"href":"https:\/\/www.europesays.com\/se\/wp-json\/wp\/v2\/tags?post=99354"}],"curies":[{"name":"wp","href":"https:\/\/api.w.org\/{rel}","templated":true}]}}