{"id":99356,"date":"2025-12-07T15:02:13","date_gmt":"2025-12-07T15:02:13","guid":{"rendered":"https:\/\/www.europesays.com\/se\/99356\/"},"modified":"2025-12-07T15:02:13","modified_gmt":"2025-12-07T15:02:13","slug":"brittiska-fotografen-martin-parr-dod-i-cancer","status":"publish","type":"post","link":"https:\/\/www.europesays.com\/se\/99356\/","title":{"rendered":"Brittiska fotografen Martin Parr d\u00f6d i cancer"},"content":{"rendered":"<p>Parr var k\u00e4nd f\u00f6r sina observationer av det brittiska samh\u00e4llet i form av vardagsbilder med starka, levande f\u00e4rger och ofta med en humoristiskt underton. <\/p>\n<p>Hans stil bidrog till att f\u00f6r\u00e4ndra det dokument\u00e4ra fotot fr\u00e5n \u00e4ldre tiders allvarsamma, svartvita bilder till f\u00f6rm\u00e5n f\u00f6r st\u00f6rre lekfullhet. <\/p>\n<p>\u2013 Jag tar seri\u00f6sa fotografier f\u00f6rkl\u00e4dda till underh\u00e5llning, beskrev han sj\u00e4lv sin stil.<\/p>\n<p>Parr var ocks\u00e5 knuten till den prestigefyllda bildbyr\u00e5n Magnum.<\/p>\n<p>Martin Parr blev 73 \u00e5r.<\/p>\n","protected":false},"excerpt":{"rendered":"Parr var k\u00e4nd f\u00f6r sina observationer av det brittiska samh\u00e4llet i form av vardagsbilder med starka, levande f\u00e4rger&hellip;\n","protected":false},"author":2,"featured_media":99357,"comment_status":"","ping_status":"","sticky":false,"template":"","format":"standard","meta":{"footnotes":""},"categories":[67],"tags":[104,34,31,33,32,30,105],"class_list":{"0":"post-99356","1":"post","2":"type-post","3":"status-publish","4":"format-standard","5":"has-post-thumbnail","7":"category-underhallning","8":"tag-entertainment","9":"tag-se","10":"tag-svenska","11":"tag-sverige","12":"tag-sweden","13":"tag-swedish","14":"tag-underhallning"},"share_on_mastodon":{"url":"https:\/\/pubeurope.com\/@se\/115678894016464144","error":""},"_links":{"self":[{"href":"https:\/\/www.europesays.com\/se\/wp-json\/wp\/v2\/posts\/99356","targetHints":{"allow":["GET"]}}],"collection":[{"href":"https:\/\/www.europesays.com\/se\/wp-json\/wp\/v2\/posts"}],"about":[{"href":"https:\/\/www.europesays.com\/se\/wp-json\/wp\/v2\/types\/post"}],"author":[{"embeddable":true,"href":"https:\/\/www.europesays.com\/se\/wp-json\/wp\/v2\/users\/2"}],"replies":[{"embeddable":true,"href":"https:\/\/www.europesays.com\/se\/wp-json\/wp\/v2\/comments?post=99356"}],"version-history":[{"count":0,"href":"https:\/\/www.europesays.com\/se\/wp-json\/wp\/v2\/posts\/99356\/revisions"}],"wp:featuredmedia":[{"embeddable":true,"href":"https:\/\/www.europesays.com\/se\/wp-json\/wp\/v2\/media\/99357"}],"wp:attachment":[{"href":"https:\/\/www.europesays.com\/se\/wp-json\/wp\/v2\/media?parent=99356"}],"wp:term":[{"taxonomy":"category","embeddable":true,"href":"https:\/\/www.europesays.com\/se\/wp-json\/wp\/v2\/categories?post=99356"},{"taxonomy":"post_tag","embeddable":true,"href":"https:\/\/www.europesays.com\/se\/wp-json\/wp\/v2\/tags?post=99356"}],"curies":[{"name":"wp","href":"https:\/\/api.w.org\/{rel}","templated":true}]}}