{"id":99364,"date":"2025-12-07T15:12:07","date_gmt":"2025-12-07T15:12:07","guid":{"rendered":"https:\/\/www.europesays.com\/se\/99364\/"},"modified":"2025-12-07T15:12:07","modified_gmt":"2025-12-07T15:12:07","slug":"nytt-biljettsystem-pa-bio-vacker-ilska-forsvaras","status":"publish","type":"post","link":"https:\/\/www.europesays.com\/se\/99364\/","title":{"rendered":"Nytt biljettsystem p\u00e5 bio v\u00e4cker ilska \u2013 f\u00f6rsvaras"},"content":{"rendered":"<p>Filmstaden har inf\u00f6rt ett nytt prissystem som inneb\u00e4r att olika platser i salongen kostar olika mycket, rapporterar G\u00f6teborgs-Posten. <\/p>\n<p>Tidigare har alla platser haft samma pris men nu delas salongerna in i tre zoner. Mittenplatser kostar mest, platser vid kanterna \u00e4r n\u00e5got billigare och de l\u00e4ngst fram \u00e4r billigast. Systemet har b\u00f6rjat rullas ut och ska implementeras i hela landet. <\/p>\n<p>Enligt GP har det lett till kritik, men enligt Filmstaden inneb\u00e4r det inte n\u00e5gon generell priss\u00e4ttning och systemet f\u00f6rsvaras. Bes\u00f6kare har efterfr\u00e5gat billigare biljetter och nu ges den m\u00f6jligheten, s\u00e4ger presskommunikat\u00f6ren Irene Hernberg. <\/p>\n<p>Omni \u00e4r politiskt obundna och oberoende. Vi str\u00e4var efter att ge fler perspektiv p\u00e5 nyheterna. Har du fr\u00e5gor eller synpunkter kring v\u00e5r rapportering? <a href=\"https:\/\/omni.se\/nytt-biljettsystem-pa-bio-vacker-ilska-forsvaras\/a\/mailto:redaktion@omni.se\" class=\"ArticleActions_contactLink__W2F1M\" rel=\"nofollow noopener\" target=\"_blank\">Kontakta redaktionen<\/a><\/p>\n","protected":false},"excerpt":{"rendered":"Filmstaden har inf\u00f6rt ett nytt prissystem som inneb\u00e4r att olika platser i salongen kostar olika mycket, rapporterar G\u00f6teborgs-Posten.&hellip;\n","protected":false},"author":2,"featured_media":99365,"comment_status":"","ping_status":"","sticky":false,"template":"","format":"standard","meta":{"footnotes":""},"categories":[67],"tags":[104,168,34,31,33,32,30,105],"class_list":{"0":"post-99364","1":"post","2":"type-post","3":"status-publish","4":"format-standard","5":"has-post-thumbnail","7":"category-underhallning","8":"tag-entertainment","9":"tag-film-tv","10":"tag-se","11":"tag-svenska","12":"tag-sverige","13":"tag-sweden","14":"tag-swedish","15":"tag-underhallning"},"share_on_mastodon":{"url":"https:\/\/pubeurope.com\/@se\/115678933392970204","error":""},"_links":{"self":[{"href":"https:\/\/www.europesays.com\/se\/wp-json\/wp\/v2\/posts\/99364","targetHints":{"allow":["GET"]}}],"collection":[{"href":"https:\/\/www.europesays.com\/se\/wp-json\/wp\/v2\/posts"}],"about":[{"href":"https:\/\/www.europesays.com\/se\/wp-json\/wp\/v2\/types\/post"}],"author":[{"embeddable":true,"href":"https:\/\/www.europesays.com\/se\/wp-json\/wp\/v2\/users\/2"}],"replies":[{"embeddable":true,"href":"https:\/\/www.europesays.com\/se\/wp-json\/wp\/v2\/comments?post=99364"}],"version-history":[{"count":0,"href":"https:\/\/www.europesays.com\/se\/wp-json\/wp\/v2\/posts\/99364\/revisions"}],"wp:featuredmedia":[{"embeddable":true,"href":"https:\/\/www.europesays.com\/se\/wp-json\/wp\/v2\/media\/99365"}],"wp:attachment":[{"href":"https:\/\/www.europesays.com\/se\/wp-json\/wp\/v2\/media?parent=99364"}],"wp:term":[{"taxonomy":"category","embeddable":true,"href":"https:\/\/www.europesays.com\/se\/wp-json\/wp\/v2\/categories?post=99364"},{"taxonomy":"post_tag","embeddable":true,"href":"https:\/\/www.europesays.com\/se\/wp-json\/wp\/v2\/tags?post=99364"}],"curies":[{"name":"wp","href":"https:\/\/api.w.org\/{rel}","templated":true}]}}