{"id":99392,"date":"2025-12-07T15:40:38","date_gmt":"2025-12-07T15:40:38","guid":{"rendered":"https:\/\/www.europesays.com\/se\/99392\/"},"modified":"2025-12-07T15:40:38","modified_gmt":"2025-12-07T15:40:38","slug":"s-vill-inga-tioarspakt-med-m-for-att-krossa-gangen","status":"publish","type":"post","link":"https:\/\/www.europesays.com\/se\/99392\/","title":{"rendered":"S vill ing\u00e5 tio\u00e5rspakt med M f\u00f6r att krossa g\u00e4ngen"},"content":{"rendered":"<p>En svensk maffialag.<\/p>\n<p>Ny lag mot g\u00e4ngens digitala annonsering.<\/p>\n<p>Begr\u00e4nsnings\u00e5tg\u00e4rder f\u00f6r g\u00e4ngkriminella (utresef\u00f6rbud, kontaktf\u00f6rbud).<\/p>\n<p>H\u00f6jda straff f\u00f6r grov ekonomisk brottslighet.<\/p>\n<p>Snabbare utbyggnad av f\u00e4ngelser och h\u00e4kten.<\/p>\n<p>Nationell Sverigef\u00f6rhandling f\u00f6r att bryta utvecklingen i utsatta omr\u00e5den.<\/p>\n<p>Allm\u00e4n f\u00f6rskola fr\u00e5n 2 \u00e5r.<\/p>\n<p>Permanent f\u00f6rst\u00e4rkning av bostadsbidraget f\u00f6r barnfamiljer.<\/p>\n<p>Punktmarkering och digital fotboja f\u00f6r 6-12-\u00e5ringar p\u00e5 v\u00e4g in i kriminalitet.<\/p>\n<p>R\u00e4tt till fritids f\u00f6r alla.<\/p>\n<p>K\u00e4lla: TT<\/p>\n","protected":false},"excerpt":{"rendered":"En svensk maffialag. Ny lag mot g\u00e4ngens digitala annonsering. Begr\u00e4nsnings\u00e5tg\u00e4rder f\u00f6r g\u00e4ngkriminella (utresef\u00f6rbud, kontaktf\u00f6rbud). H\u00f6jda straff f\u00f6r grov&hellip;\n","protected":false},"author":2,"featured_media":99393,"comment_status":"","ping_status":"","sticky":false,"template":"","format":"standard","meta":{"footnotes":""},"categories":[12],"tags":[22,23,26,27,17,21,1558,24,25,2186,28,29,551,15,16,369,18,34,1557,31,33,32,30,19,20,1111,3416],"class_list":{"0":"post-99392","1":"post","2":"type-post","3":"status-publish","4":"format-standard","5":"has-post-thumbnail","7":"category-sverige","8":"tag-breaking-news","9":"tag-breakingnews","10":"tag-featured-news","11":"tag-featurednews","12":"tag-headlines","13":"tag-huvudnyheter","14":"tag-kriminalpolitik","15":"tag-latest-news","16":"tag-latestnews","17":"tag-magdalena-andersson","18":"tag-main-news","19":"tag-mainnews","20":"tag-moderaterna","21":"tag-news","22":"tag-nyheter","23":"tag-politik","24":"tag-rubriker","25":"tag-se","26":"tag-socialdemokraterna","27":"tag-svenska","28":"tag-sverige","29":"tag-sweden","30":"tag-swedish","31":"tag-top-stories","32":"tag-topstories","33":"tag-ulf-kristersson","34":"tag-valet-2026"},"share_on_mastodon":{"url":"https:\/\/pubeurope.com\/@se\/115679043530621146","error":""},"_links":{"self":[{"href":"https:\/\/www.europesays.com\/se\/wp-json\/wp\/v2\/posts\/99392","targetHints":{"allow":["GET"]}}],"collection":[{"href":"https:\/\/www.europesays.com\/se\/wp-json\/wp\/v2\/posts"}],"about":[{"href":"https:\/\/www.europesays.com\/se\/wp-json\/wp\/v2\/types\/post"}],"author":[{"embeddable":true,"href":"https:\/\/www.europesays.com\/se\/wp-json\/wp\/v2\/users\/2"}],"replies":[{"embeddable":true,"href":"https:\/\/www.europesays.com\/se\/wp-json\/wp\/v2\/comments?post=99392"}],"version-history":[{"count":0,"href":"https:\/\/www.europesays.com\/se\/wp-json\/wp\/v2\/posts\/99392\/revisions"}],"wp:featuredmedia":[{"embeddable":true,"href":"https:\/\/www.europesays.com\/se\/wp-json\/wp\/v2\/media\/99393"}],"wp:attachment":[{"href":"https:\/\/www.europesays.com\/se\/wp-json\/wp\/v2\/media?parent=99392"}],"wp:term":[{"taxonomy":"category","embeddable":true,"href":"https:\/\/www.europesays.com\/se\/wp-json\/wp\/v2\/categories?post=99392"},{"taxonomy":"post_tag","embeddable":true,"href":"https:\/\/www.europesays.com\/se\/wp-json\/wp\/v2\/tags?post=99392"}],"curies":[{"name":"wp","href":"https:\/\/api.w.org\/{rel}","templated":true}]}}