{"id":99414,"date":"2025-12-07T16:18:25","date_gmt":"2025-12-07T16:18:25","guid":{"rendered":"https:\/\/www.europesays.com\/se\/99414\/"},"modified":"2025-12-07T16:18:25","modified_gmt":"2025-12-07T16:18:25","slug":"var-inte-radd-for-morkret","status":"publish","type":"post","link":"https:\/\/www.europesays.com\/se\/99414\/","title":{"rendered":"Var inte r\u00e4dd f\u00f6r m\u00f6rkret"},"content":{"rendered":"<p><strong>Som en del av Nobelveckan inleddes Nobel Week Lights i Tensta. I det gr\u00e5kalla duggregnet m\u00f6ttes v\u00e4nner och grannar bland ljuskonstverk skapade med inspiration av Nobelpriset.<\/strong><\/p>\n<p>Torun Boucher (V), Stockholms stads kulturborgarr\u00e5d, h\u00e4lsade publiken v\u00e4lkommen med ett f\u00f6red\u00f6mligt kort tal.<br \/>\u2013 <a href=\"https:\/\/www.nyhetsbyranjarva.se\/ny-ljuskonst-i-tensta-under-nobelveckan\/\" rel=\"nofollow noopener\" target=\"_blank\">Kultur ska inte bara finnas inne i stan,<\/a> utan var tillg\u00e4nglig i alla stadsdelar. Att hylla just Nobelpriset och dem som f\u00e5tt priset, \u00e4r ett s\u00e4tt att s\u00e4tta ljuset p\u00e5 att en b\u00e4ttre v\u00e4rld alltid \u00e4r m\u00f6jlig, oavsett om det \u00e4r genom en bok eller en viktig uppfinning.<\/p>\n<p>Trafikborgarr\u00e5det Lars Str\u00f6mgren (MP) fortsatte med att tala om vikten av att lysa upp staden och om ett bra samarbete mellan <a href=\"https:\/\/www.nobelprizemuseum.se\/nobel-week-lights\/?utm_source=google&amp;utm_medium=cpc&amp;utm_campaign=nwl-2025&amp;utm_content=search-varumarke&amp;gad_source=1&amp;gad_campaignid=23235805415&amp;gbraid=0AAAAA-FFbwxZSLQEuFzM6PUP9c5ivv5Dq&amp;gclid=Cj0KCQiA6NTJBhDEARIsAB7QHD2UJ9q3VifXQFE8yrNgioegLqZRJKHRHdtL2wAVE2_0gIpzRasCkJQaAg4dEALw_wcB\" rel=\"nofollow noopener\" target=\"_blank\">f\u00f6rvaltningarna och Nobelprismuseet.<\/a><\/p>\n<p>Annons:<a class=\"gofollow\" data-track=\"Mzk2LDEsNjA=\" href=\"https:\/\/www.mrdagarna.se\/\" rel=\"nofollow noopener\" target=\"_blank\"><img decoding=\"async\" src=\"https:\/\/www.europesays.com\/se\/wp-content\/uploads\/2025\/11\/Bla-nedsamplad-002.gif\"\/><\/a><\/p>\n<p><img loading=\"lazy\" decoding=\"async\" width=\"1024\" height=\"768\" data-wp-class--hide=\"state.isContentHidden\" data-wp-class--show=\"state.isContentVisible\" data-wp-init=\"callbacks.setButtonStyles\" data-wp-on-async--click=\"actions.showLightbox\" data-wp-on-async--load=\"callbacks.setButtonStyles\" data-wp-on-async-window--resize=\"callbacks.setButtonStyles\" src=\"https:\/\/www.europesays.com\/se\/wp-content\/uploads\/2025\/12\/IMG-0991-1-1024x768.jpg\" alt=\"\" class=\"wp-image-132671\"  \/><\/p>\n<p>\t\tAnna Rastner, Lars Str\u00f6mgren, Rashid Mohammed och Torun Boucher<\/p>\n<p>Anna Rastner som \u00e4r chef f\u00f6r Nobelprismuseet framh\u00f6ll att hon \u00e4r r\u00f6rd \u00f6ver det engagemang som konstn\u00e4rer och andra medverkande har visat.\u00a0<\/p>\n<p>Ordf\u00f6rande f\u00f6r J\u00e4rva stadsdelsn\u00e4mnd, Rashid Mohammed, var sist ut av talarna.<br \/>\u2013 Vi \u00e4r oerh\u00f6rt glada att just Tensta \u00e4r den f\u00f6rsta platsen utanf\u00f6r Stockholms city d\u00e4r Nobel Week Lights lyser upp i decemberm\u00f6rkret. Tensta har l\u00e4nge varit en ort full av kreativitet och nu f\u00e5r fler m\u00e4nniskor m\u00f6jlighet att uppleva v\u00e5r fina stadsdel, sade han.<\/p>\n<p><img loading=\"lazy\" decoding=\"async\" width=\"1024\" height=\"657\" data-wp-class--hide=\"state.isContentHidden\" data-wp-class--show=\"state.isContentVisible\" data-wp-init=\"callbacks.setButtonStyles\" data-wp-on-async--click=\"actions.showLightbox\" data-wp-on-async--load=\"callbacks.setButtonStyles\" data-wp-on-async-window--resize=\"callbacks.setButtonStyles\" data-id=\"132680\" src=\"https:\/\/www.europesays.com\/se\/wp-content\/uploads\/2025\/12\/IMG-0943-2-1-1024x657.jpg\" alt=\"\" class=\"wp-image-132680\"  \/><\/p>\n<p><img loading=\"lazy\" decoding=\"async\" width=\"1024\" height=\"768\" data-wp-class--hide=\"state.isContentHidden\" data-wp-class--show=\"state.isContentVisible\" data-wp-init=\"callbacks.setButtonStyles\" data-wp-on-async--click=\"actions.showLightbox\" data-wp-on-async--load=\"callbacks.setButtonStyles\" data-wp-on-async-window--resize=\"callbacks.setButtonStyles\" data-id=\"132668\" src=\"https:\/\/www.europesays.com\/se\/wp-content\/uploads\/2025\/12\/IMG-0970-1-1024x768.jpg\" alt=\"\" class=\"wp-image-132668\"  \/><\/p>\n<p>M\u00e5nga hade samlats utanf\u00f6r Tensta konsthall vid paviljongen The light we reflect, en ljusinstallation som konstn\u00e4ren Saadia Hussain skapat utifr\u00e5n en workshop med deltagare i <a href=\"https:\/\/www.nyhetsbyranjarva.se\/sprakbruket-bidrar-till-ljuskonstverk-pa-taxingeplan\/\" rel=\"nofollow noopener\" target=\"_blank\">f\u00f6reningen Spr\u00e5kbruket.\u00a0<\/a><\/p>\n<p>En bit fr\u00e5n paviljongen bj\u00f6d Ida Thunborg och Alex Dahllund fr\u00e5n <a href=\"https:\/\/eldshow.se\/om-oss-2\/\" rel=\"nofollow noopener\" target=\"_blank\">Aurora elddanskompani<\/a> p\u00e5 en hisnande elddans. De var obegripligt skickliga att hantera de olika brinnande redskap de inkluderade i dansen och trollband verkligen den stora publiken. Efter showen fr\u00e5gade en liten flicka hur gammal man m\u00e5ste vara f\u00f6r att f\u00e5 dansa med eld.<br \/>\u2013 Du beh\u00f6ver vara ganska mycket \u00e4ldre \u00e4n du \u00e4r nu, sade Ida Thunborg.<\/p>\n<p><img loading=\"lazy\" decoding=\"async\" width=\"1024\" height=\"768\" data-wp-class--hide=\"state.isContentHidden\" data-wp-class--show=\"state.isContentVisible\" data-wp-init=\"callbacks.setButtonStyles\" data-wp-on-async--click=\"actions.showLightbox\" data-wp-on-async--load=\"callbacks.setButtonStyles\" data-wp-on-async-window--resize=\"callbacks.setButtonStyles\" src=\"https:\/\/www.europesays.com\/se\/wp-content\/uploads\/2025\/12\/IMG-0987-1-1-1024x768.jpg\" alt=\"\" class=\"wp-image-132673\"  \/><\/p>\n<p>\t\tIda Thunberg och Alex Dahllund<\/p>\n<p>Uppe i Tenstag\u00e5ngen fanns flera ljuskonstverk. Den l\u00e5nga tunnel som lystes upp i olika f\u00e4rger s\u00e5g ut att vara barnens favorit.\u00a0<\/p>\n<p>Torun Boucher citerade i sitt invigningstal poeten Erik Blomberg. Det \u00e4r n\u00e5gra rader som \u00e4r v\u00e4rda att reflektera \u00f6ver, n\u00e4r mycket omkring oss k\u00e4nns m\u00f6rkt. <\/p>\n<p>\u00a0\u201cVar inte r\u00e4dd f\u00f6r m\u00f6rkret, f\u00f6r ljuset vilar d\u00e4r, vi ser ju inga stj\u00e4rnor d\u00e4r intet m\u00f6rker \u00e4r\u201d.<\/p>\n<p>Ljusfestivalen g\u00e5r att se fram till och med 14 december mellan klockan 16 och 22.<\/p>\n<p><strong>Annika Skarf<\/strong><\/p>\n<p><img loading=\"lazy\" decoding=\"async\" width=\"1024\" height=\"768\" data-wp-class--hide=\"state.isContentHidden\" data-wp-class--show=\"state.isContentVisible\" data-wp-init=\"callbacks.setButtonStyles\" data-wp-on-async--click=\"actions.showLightbox\" data-wp-on-async--load=\"callbacks.setButtonStyles\" data-wp-on-async-window--resize=\"callbacks.setButtonStyles\" src=\"https:\/\/www.europesays.com\/se\/wp-content\/uploads\/2025\/12\/IMG-0949-1-1-1024x768.jpg\" alt=\"\" class=\"wp-image-132675\"  \/><\/p>\n<p><img loading=\"lazy\" decoding=\"async\" width=\"1024\" height=\"541\" data-wp-class--hide=\"state.isContentHidden\" data-wp-class--show=\"state.isContentVisible\" data-wp-init=\"callbacks.setButtonStyles\" data-wp-on-async--click=\"actions.showLightbox\" data-wp-on-async--load=\"callbacks.setButtonStyles\" data-wp-on-async-window--resize=\"callbacks.setButtonStyles\" src=\"https:\/\/www.europesays.com\/se\/wp-content\/uploads\/2025\/12\/IMG-0940-1-1-1024x541.jpg\" alt=\"\" class=\"wp-image-132672\"  \/><\/p>\n<p>                    <a href=\"#\" rel=\"nofollow\" onclick=\"window.print(); return false;\" title=\"Printer Friendly, PDF &amp; Email\"><br \/>\n                    <img decoding=\"async\" class=\"pf-button-img\" src=\"https:\/\/www.europesays.com\/se\/wp-content\/uploads\/2025\/08\/printfriendly-pdf-button-nobg-md.png\" alt=\"Print Friendly, PDF &amp; Email\" style=\"width: 124px;height: 30px;\"\/><br \/>\n                    <\/a><\/p>\n","protected":false},"excerpt":{"rendered":"Som en del av Nobelveckan inleddes Nobel Week Lights i Tensta. I det gr\u00e5kalla duggregnet m\u00f6ttes v\u00e4nner och&hellip;\n","protected":false},"author":2,"featured_media":99415,"comment_status":"","ping_status":"","sticky":false,"template":"","format":"standard","meta":{"footnotes":""},"categories":[67],"tags":[11476,104,11477,11478,11479,34,11480,11481,31,33,32,30,10994,1432,105],"class_list":{"0":"post-99414","1":"post","2":"type-post","3":"status-publish","4":"format-standard","5":"has-post-thumbnail","7":"category-underhallning","8":"tag-aurora-elddanskompani","9":"tag-entertainment","10":"tag-jarva-stadsdelsnamnd","11":"tag-nobel-week-lights","12":"tag-nobelprismuseet","13":"tag-se","14":"tag-sprakbruket","15":"tag-stockholm-stad","16":"tag-svenska","17":"tag-sverige","18":"tag-sweden","19":"tag-swedish","20":"tag-tensta","21":"tag-topp","22":"tag-underhallning"},"share_on_mastodon":{"url":"https:\/\/pubeurope.com\/@se\/115679193278647652","error":""},"_links":{"self":[{"href":"https:\/\/www.europesays.com\/se\/wp-json\/wp\/v2\/posts\/99414","targetHints":{"allow":["GET"]}}],"collection":[{"href":"https:\/\/www.europesays.com\/se\/wp-json\/wp\/v2\/posts"}],"about":[{"href":"https:\/\/www.europesays.com\/se\/wp-json\/wp\/v2\/types\/post"}],"author":[{"embeddable":true,"href":"https:\/\/www.europesays.com\/se\/wp-json\/wp\/v2\/users\/2"}],"replies":[{"embeddable":true,"href":"https:\/\/www.europesays.com\/se\/wp-json\/wp\/v2\/comments?post=99414"}],"version-history":[{"count":0,"href":"https:\/\/www.europesays.com\/se\/wp-json\/wp\/v2\/posts\/99414\/revisions"}],"wp:featuredmedia":[{"embeddable":true,"href":"https:\/\/www.europesays.com\/se\/wp-json\/wp\/v2\/media\/99415"}],"wp:attachment":[{"href":"https:\/\/www.europesays.com\/se\/wp-json\/wp\/v2\/media?parent=99414"}],"wp:term":[{"taxonomy":"category","embeddable":true,"href":"https:\/\/www.europesays.com\/se\/wp-json\/wp\/v2\/categories?post=99414"},{"taxonomy":"post_tag","embeddable":true,"href":"https:\/\/www.europesays.com\/se\/wp-json\/wp\/v2\/tags?post=99414"}],"curies":[{"name":"wp","href":"https:\/\/api.w.org\/{rel}","templated":true}]}}