{"id":99418,"date":"2025-12-07T16:24:07","date_gmt":"2025-12-07T16:24:07","guid":{"rendered":"https:\/\/www.europesays.com\/se\/99418\/"},"modified":"2025-12-07T16:24:07","modified_gmt":"2025-12-07T16:24:07","slug":"polska-losningen-pa-braket-skicka-musk-till-mars","status":"publish","type":"post","link":"https:\/\/www.europesays.com\/se\/99418\/","title":{"rendered":"Polska l\u00f6sningen p\u00e5 br\u00e5ket: Skicka Musk till Mars"},"content":{"rendered":"<p>Elon Musk har i helgen g\u00e5tt p\u00e5 krigsstigen mot EU efter att hans X b\u00f6tf\u00e4llts av unionen. Polens vice premi\u00e4rminister Radoslaw Sikorski har tr\u00f6ttnat p\u00e5 miljard\u00e4rens ilska och presenterar en l\u00f6sning: <\/p>\n<p>\u201d\u00c5k till Mars. D\u00e4r finns det ingen censur mot nazisth\u00e4lsningar\u201d, skriver han p\u00e5 Musks plattform.<\/p>\n<p>Musk krokar i sin kritik arm med h\u00f6gerpopulistiska r\u00f6ster som p\u00e5st\u00e5r att EU begr\u00e4nsar inv\u00e5narnas yttrandefrihet och demokratiska r\u00e4ttigheter och j\u00e4mf\u00f6r unionen med Nazityskland. En som h\u00e5ller med honom \u00e4r tidigare ryske presidenten och flitige Kremlpropagandisten Dmitrij Medvedev.<\/p>\n<p>Sikorski f\u00f6rv\u00e5nas inte \u00f6ver att Musk och Kreml har samma \u00e5sikt i fr\u00e5gan. <\/p>\n<p>\u201dOm n\u00e5gon fortfarande tvivlade p\u00e5 vem all denna anti-EU-retorik om suver\u00e4nitet egentligen gynnar: de som vill tj\u00e4na p\u00e5 att sprida hat och de som vill er\u00f6vra Europa\u201d, skriver han.<\/p>\n<p>Omni \u00e4r politiskt obundna och oberoende. Vi str\u00e4var efter att ge fler perspektiv p\u00e5 nyheterna. Har du fr\u00e5gor eller synpunkter kring v\u00e5r rapportering? <a href=\"https:\/\/omni.se\/polska-losningen-pa-braket-skicka-musk-till-mars\/a\/mailto:redaktion@omni.se\" class=\"ArticleActions_contactLink__W2F1M\" rel=\"nofollow noopener\" target=\"_blank\">Kontakta redaktionen<\/a><\/p>\n","protected":false},"excerpt":{"rendered":"Elon Musk har i helgen g\u00e5tt p\u00e5 krigsstigen mot EU efter att hans X b\u00f6tf\u00e4llts av unionen. Polens&hellip;\n","protected":false},"author":2,"featured_media":99419,"comment_status":"","ping_status":"","sticky":false,"template":"","format":"standard","meta":{"footnotes":""},"categories":[5],"tags":[22,23,11482,704,73,1141,267,26,27,17,21,24,25,28,29,15,16,1912,5698,18,264,34,31,33,32,30,19,20],"class_list":{"0":"post-99418","1":"post","2":"type-post","3":"status-publish","4":"format-standard","5":"has-post-thumbnail","7":"category-rubriker","8":"tag-breaking-news","9":"tag-breakingnews","10":"tag-dmitrij-medvedev","11":"tag-elon-musk","12":"tag-eu","13":"tag-eu-politik","14":"tag-europa","15":"tag-featured-news","16":"tag-featurednews","17":"tag-headlines","18":"tag-huvudnyheter","19":"tag-latest-news","20":"tag-latestnews","21":"tag-main-news","22":"tag-mainnews","23":"tag-news","24":"tag-nyheter","25":"tag-polen","26":"tag-radoslaw-sikorski","27":"tag-rubriker","28":"tag-ryssland","29":"tag-se","30":"tag-svenska","31":"tag-sverige","32":"tag-sweden","33":"tag-swedish","34":"tag-top-stories","35":"tag-topstories"},"share_on_mastodon":{"url":"https:\/\/pubeurope.com\/@se\/115679216505245465","error":""},"_links":{"self":[{"href":"https:\/\/www.europesays.com\/se\/wp-json\/wp\/v2\/posts\/99418","targetHints":{"allow":["GET"]}}],"collection":[{"href":"https:\/\/www.europesays.com\/se\/wp-json\/wp\/v2\/posts"}],"about":[{"href":"https:\/\/www.europesays.com\/se\/wp-json\/wp\/v2\/types\/post"}],"author":[{"embeddable":true,"href":"https:\/\/www.europesays.com\/se\/wp-json\/wp\/v2\/users\/2"}],"replies":[{"embeddable":true,"href":"https:\/\/www.europesays.com\/se\/wp-json\/wp\/v2\/comments?post=99418"}],"version-history":[{"count":0,"href":"https:\/\/www.europesays.com\/se\/wp-json\/wp\/v2\/posts\/99418\/revisions"}],"wp:featuredmedia":[{"embeddable":true,"href":"https:\/\/www.europesays.com\/se\/wp-json\/wp\/v2\/media\/99419"}],"wp:attachment":[{"href":"https:\/\/www.europesays.com\/se\/wp-json\/wp\/v2\/media?parent=99418"}],"wp:term":[{"taxonomy":"category","embeddable":true,"href":"https:\/\/www.europesays.com\/se\/wp-json\/wp\/v2\/categories?post=99418"},{"taxonomy":"post_tag","embeddable":true,"href":"https:\/\/www.europesays.com\/se\/wp-json\/wp\/v2\/tags?post=99418"}],"curies":[{"name":"wp","href":"https:\/\/api.w.org\/{rel}","templated":true}]}}