{"id":99420,"date":"2025-12-07T16:27:15","date_gmt":"2025-12-07T16:27:15","guid":{"rendered":"https:\/\/www.europesays.com\/se\/99420\/"},"modified":"2025-12-07T16:27:15","modified_gmt":"2025-12-07T16:27:15","slug":"nobel-2025-guide-till-allt-du-behover-veta","status":"publish","type":"post","link":"https:\/\/www.europesays.com\/se\/99420\/","title":{"rendered":"Nobel 2025 \u2013\u00a0guide till allt du beh\u00f6ver veta"},"content":{"rendered":"<p>Publicerad 7 dec 2025 kl 10.54Uppdaterad kl 14.40<\/p>\n<p>Under Nobeldagen den 10 december v\u00e4ntar prisutdelning i b\u00e5de Stockholm och Oslo.<\/p>\n<p>Och, f\u00f6rst\u00e5s, Nobelmiddagen vid den pampiga banketten i Stadshuset.<\/p>\n<p>H\u00e4r \u00e4r en guide till allt du beh\u00f6ver veta.\u00a0<\/p>\n<p><img   alt=\"\"\/> <\/p>\n<p>Foto: Christine Olsson\/TT \/ TT NYHETSBYR\u00c5N<\/p>\n<p>\u00d6ppna bild i helsk\u00e4rm<img loading=\"lazy\"   alt=\"\"\/> <\/p>\n<p>Foto: PELLE T NILSSON \/ SPA SPA | SWEDISH PRESS AGENCY<\/p>\n<p>\u00d6ppna bild i helsk\u00e4rmHur f\u00f6ljer man Nobeldagen i tv?<\/p>\n<p><strong>12.50-14.15<\/strong> (SVT1) \u2013\u00a0Fredspriset delas ut i Oslo.<\/p>\n<p><strong>15.55-17.30<\/strong> (SVT1) \u2013\u00a0Prisutdelning i Konserthuset.<\/p>\n<p><strong>18.00-23.40<\/strong> (SVT2\/SVT1) \u2013\u00a0Den l\u00e5nga s\u00e4ndningen fr\u00e5n Nobelmiddagen i Stadshuset.<\/p>\n<p>Alla s\u00e4ndningar g\u00e5r ocks\u00e5 att se i <a href=\"https:\/\/www.svtplay.se\/kategori\/nobelpriset\" rel=\"nofollow noopener\" target=\"_blank\">SVT Play<\/a>.<\/p>\n<p>Vilka f\u00e5r Nobelpriset i \u00e5r?<\/p>\n<p><strong>Nobels fredspris<\/strong>: Maria Corina Machado. Hon f\u00e5r priset bland annat f\u00f6r sin kamp f\u00f6r demokrati i hemlandet Venezuela.<\/p>\n<p><strong>Nobelpriset i fysik<\/strong>: John Clarke, Michel H. Devoret och John M. Martinis. De f\u00e5r priset \u201df\u00f6r uppt\u00e4ckten av makroskopisk kvantmekanisk tunnling och energikvantisering i en elektrisk krets\u201d.<\/p>\n<p><strong>Nobelpriset i kemi<\/strong>: Susumu Kitagawa, Richard Robson och Omar M. Yaghi. De f\u00e5r priset \u201df\u00f6r utveckling av metallorganiska ramverk\u201d.<\/p>\n<p><strong>Nobelpriset i medicin<\/strong>: Mary E. Brunkow, Fred Ramsdell och Shimon Sakaguchi. De f\u00e5r priset \u201df\u00f6r deras uppt\u00e4ckter r\u00f6rande perifer immuntolerans\u201d.<\/p>\n<p><strong>Nobelpriset i litteratur<\/strong>: L\u00e1szl\u00f3 Krasznahorkai. Han fr\u00e5 priset \u201df\u00f6r sitt vision\u00e4ra och kraftfulla f\u00f6rfattarskap som mitt i underg\u00e5ngens fasa uppr\u00e4tth\u00e5ller tron p\u00e5 konstens m\u00f6jligheter.\u201d<\/p>\n<p><strong>Riksbankens ekonomipris till Alfred Nobels minne<\/strong>: Juel Mokyr, Philippe Aghion och Peter Howitt. De f\u00e5r priset \u201df\u00f6r att ha f\u00f6rklarat innovationsdriven ekonomisk tillv\u00e4xt\u201d.<\/p>\n<p>Hur mycket f\u00e5r pristagarna?<\/p>\n<p>Nobelpristagarna f\u00e5r <a href=\"https:\/\/www.nobelprize.org\/press-release\/nobelpriset-hojs-med-1-miljon-kronor\/\" rel=\"nofollow noopener\" target=\"_blank\">11 miljoner kronor<\/a>, och det \u00e4r 11 miljoner kronor per priskategori. Om flera pristagare delar p\u00e5 ett Nobelpris, delar de ocks\u00e5 p\u00e5 prispengarna.<\/p>\n<p><img loading=\"lazy\"   alt=\"\"\/><\/p>\n<p>Tommy Myllym\u00e4ki, Pi Le och Frida B\u00e4cke st\u00e5r f\u00f6r \u00e5rets trer\u00e4ttersmeny.<\/p>\n<p>Foto: Fredrik Sandberg\/TT \/ TT NYHETSBYR\u00c5N<\/p>\n<p>\u00d6ppna bild i helsk\u00e4rmVad blir det f\u00f6r mat p\u00e5 Nobelmiddagen?<\/p>\n<p>Pi Le och Tommy Myllym\u00e4ki blir \u00e5rets kockar p\u00e5 Nobelbanketten. Deras restaurang Aira p\u00e5 Djurg\u00e5rden i Stockholm har tv\u00e5 stj\u00e4rnor i Michelinguiden.\u00a0<\/p>\n<p>Konditor blir Frida B\u00e4cke som tre \u00e5r i rad blivit utsedd till \u201dKonditornas konditor\u201d. Hon var konditor vid Nobelbanketten \u00e4ven f\u00f6rra \u00e5ret och driver konditoriet Socker Sucker i Stockholm.<\/p>\n<p>Annons<\/p>\n<p>G\u00e4sterna bjuds p\u00e5 en trer\u00e4ttersmiddag och Nobelkockarna f\u00e5r i vanlig ordning inte avsl\u00f6ja menyn i f\u00f6rv\u00e4g. Men Myllym\u00e4ki s\u00e4ger att \u201dKarl-Johan-svamp i torkad form\u201d kommer att finnas med.\u00a0<\/p>\n<p>F\u00f6rra \u00e5ret <a href=\"https:\/\/www.svt.se\/nyheter\/inrikes\/har-ar-menyn-pa-nobelfesten-2024\" rel=\"nofollow noopener\" target=\"_blank\">bj\u00f6d Frida B\u00e4cke p\u00e5<\/a> terrine p\u00e5 karamelliserade Frida\u00e4pplen tillsammans med brynt sm\u00f6rkaka p\u00e5 jordmandel smaksatt med granskott, kr\u00e4m p\u00e5 rosenkvitten och tunt skivade \u00e4pplen med kamomill. Allt tillsammans med en glass p\u00e5 gatkamomill och punsch.<\/p>\n<p>F\u00e5r se vad hon toppar det med i \u00e5r.<\/p>\n<p><img loading=\"lazy\"   alt=\"\"\/><\/p>\n<p>Kronprinsessan Victoria bar str\u00e5ldiademet fr\u00e5n kungliga samlingarna f\u00f6rra \u00e5ret.<\/p>\n<p>Foto: Christine Olsson\/TT \/ TT NYHETSBYR\u00c5N<\/p>\n<p>\u00d6ppna bild i helsk\u00e4rm<img loading=\"lazy\"   alt=\"\"\/><\/p>\n<p>Prinsessan Sofia i kornbl\u00e5 kl\u00e4nning vid middagen f\u00f6rra \u00e5ret.<\/p>\n<p>Foto: IDA \u00c5KESSON \/ SPA<\/p>\n<p>\u00d6ppna bild i helsk\u00e4rmVilken kl\u00e4dkod g\u00e4ller p\u00e5 Nobelmiddagen?<\/p>\n<p>G\u00e4sternas kl\u00e4der \u00e4r en stor snackis varje \u00e5r. F\u00f6rra \u00e5ret fick exempelvis prinsessan Sofia fint ber\u00f6m <a href=\"https:\/\/damernasvarld.expressen.se\/mode\/roda-mattan\/bast-kladda-pa-nobelfesten-2024\/\" rel=\"nofollow noopener\" target=\"_blank\">hos Damernas V\u00e4rld<\/a> f\u00f6r sin kornbl\u00e5 kl\u00e4nning fr\u00e5n danska designern S\u00f8ren Le Schmid.\u00a0<\/p>\n<p>Kl\u00e4dkoden \u00e4r strikt \u2013\u00a0s\u00e5 kallad h\u00f6gtidsdr\u00e4kt. F\u00f6r m\u00e4nnen inneb\u00e4r det att man vanligtvis b\u00e4r frack, komplett med den vita v\u00e4sten och vita flugan. F\u00f6r kvinnor g\u00e4ller hell\u00e5ng aftonkl\u00e4nning.\u00a0<\/p>\n<p>Men b\u00e5de m\u00e4n och kvinnor kan som alternativ v\u00e4lja att b\u00e4ra sina respektive nationella folkdr\u00e4kter.<\/p>\n","protected":false},"excerpt":{"rendered":"Publicerad 7 dec 2025 kl 10.54Uppdaterad kl 14.40 Under Nobeldagen den 10 december v\u00e4ntar prisutdelning i b\u00e5de Stockholm&hellip;\n","protected":false},"author":2,"featured_media":99421,"comment_status":"","ping_status":"","sticky":false,"template":"","format":"standard","meta":{"footnotes":""},"categories":[67],"tags":[104,1022,11483,34,154,31,33,32,30,105],"class_list":{"0":"post-99420","1":"post","2":"type-post","3":"status-publish","4":"format-standard","5":"has-post-thumbnail","7":"category-underhallning","8":"tag-entertainment","9":"tag-organization-nobelpriset","10":"tag-organization-nobelstiftelsen","11":"tag-se","12":"tag-sections-sverige","13":"tag-svenska","14":"tag-sverige","15":"tag-sweden","16":"tag-swedish","17":"tag-underhallning"},"share_on_mastodon":{"url":"https:\/\/pubeurope.com\/@se\/115679228369110483","error":""},"_links":{"self":[{"href":"https:\/\/www.europesays.com\/se\/wp-json\/wp\/v2\/posts\/99420","targetHints":{"allow":["GET"]}}],"collection":[{"href":"https:\/\/www.europesays.com\/se\/wp-json\/wp\/v2\/posts"}],"about":[{"href":"https:\/\/www.europesays.com\/se\/wp-json\/wp\/v2\/types\/post"}],"author":[{"embeddable":true,"href":"https:\/\/www.europesays.com\/se\/wp-json\/wp\/v2\/users\/2"}],"replies":[{"embeddable":true,"href":"https:\/\/www.europesays.com\/se\/wp-json\/wp\/v2\/comments?post=99420"}],"version-history":[{"count":0,"href":"https:\/\/www.europesays.com\/se\/wp-json\/wp\/v2\/posts\/99420\/revisions"}],"wp:featuredmedia":[{"embeddable":true,"href":"https:\/\/www.europesays.com\/se\/wp-json\/wp\/v2\/media\/99421"}],"wp:attachment":[{"href":"https:\/\/www.europesays.com\/se\/wp-json\/wp\/v2\/media?parent=99420"}],"wp:term":[{"taxonomy":"category","embeddable":true,"href":"https:\/\/www.europesays.com\/se\/wp-json\/wp\/v2\/categories?post=99420"},{"taxonomy":"post_tag","embeddable":true,"href":"https:\/\/www.europesays.com\/se\/wp-json\/wp\/v2\/tags?post=99420"}],"curies":[{"name":"wp","href":"https:\/\/api.w.org\/{rel}","templated":true}]}}