{"id":99452,"date":"2025-12-07T17:17:15","date_gmt":"2025-12-07T17:17:15","guid":{"rendered":"https:\/\/www.europesays.com\/se\/99452\/"},"modified":"2025-12-07T17:17:15","modified_gmt":"2025-12-07T17:17:15","slug":"mot-en-ljusare-framtid-i-jarva","status":"publish","type":"post","link":"https:\/\/www.europesays.com\/se\/99452\/","title":{"rendered":"Mot en ljusare framtid i J\u00e4rva"},"content":{"rendered":"<p><strong>N\u00e4r jag passerar den gamla byggnaden som en g\u00e5ng rymde Tenstagymnasiet sl\u00e5s jag av hur mycket en plats kan f\u00f6r\u00e4ndras. F\u00f6r tio \u00e5r sedan talades det om ordningsproblem och en skola som inte gick att r\u00e4dda. Idag fylls samma lokaler av J\u00e4rva gymnasium och Tekniska museets nya satsning, en plats som andas framtidstro.<\/strong><\/p>\n<p>Nu \u00f6ppnar ocks\u00e5 <a href=\"https:\/\/www.nyhetsbyranjarva.se\/vetenskapens-hus-kommer-till-kista\/\" rel=\"nofollow noopener\" target=\"_blank\">Vetenskapens hus i Kista<\/a>, d\u00e4r barn och ungdomar kan m\u00f6ta vetenskap och teknik p\u00e5 n\u00e4ra h\u00e5ll. \u00c5rets <a href=\"https:\/\/www.nyhetsbyranjarva.se\/ny-ljuskonst-i-tensta-under-nobelveckan\/\" rel=\"nofollow noopener\" target=\"_blank\">Nobel Week Lights<\/a> kommer dessutom till Tensta, med ljud- och ljusverk av etablerade konstn\u00e4rer. Till och med <a href=\"https:\/\/www.nyhetsbyranjarva.se\/nyinvigning-av-tensta-traff\/\" rel=\"nofollow noopener\" target=\"_blank\">Tensta Tr\u00e4ff f\u00e5r nu nytt liv<\/a>, n\u00e4r lokalerna har renoverats och \u00e5ter fylls av f\u00f6reningsliv och kultur. Kulturen r\u00f6r sig hit, inte f\u00f6r att \u201cr\u00e4dda\u201d n\u00e5got, utan f\u00f6r att J\u00e4rva faktiskt har n\u00e5got eget att erbjuda, n\u00e5got som Stockholm b\u00f6rjar uppt\u00e4cka.<\/p>\n<p>Jag t\u00e4nker p\u00e5 S\u00f6dermalm. F\u00f6r l\u00e4nge sedan var det eftersatt och f\u00f6rbisett, men genom utbildning, kultur och satsningar f\u00f6r\u00e4ndrades stadsdelen och resten \u00e4r historia. Kanske st\u00e5r vi nu mitt i n\u00e5got liknande i J\u00e4rva.<\/p>\n<p>Annons:<a class=\"gofollow\" data-track=\"Mzk2LDEsNjA=\" href=\"https:\/\/www.mrdagarna.se\/\" rel=\"nofollow noopener\" target=\"_blank\"><img decoding=\"async\" src=\"https:\/\/www.europesays.com\/se\/wp-content\/uploads\/2025\/11\/Bla-nedsamplad-002.gif\"\/><\/a><\/p>\n<p>Barnen i v\u00e5ra f\u00f6rskolor v\u00e4xer upp i milj\u00f6er som det satsats extra p\u00e5, vuxna brinner f\u00f6r omr\u00e5det och m\u00e4nniskor fr\u00e5n hela Stockholm m\u00f6ts h\u00e4r. Visst finns utmaningar kvar, men det k\u00e4nns som att n\u00e5got h\u00e4nder p\u00e5 riktigt.<\/p>\n<p>Kanske kommer vi en dag blicka tillbaka och s\u00e4ga: Det var d\u00e5 det b\u00f6rjade \u2013 n\u00e4r vi satsade p\u00e5 kunskap, kultur och gemensamma rum i J\u00e4rva. Precis som S\u00f6dermalm kan J\u00e4rva bli en f\u00f6rebild f\u00f6r hela Stockholm.<\/p>\n<p><strong>Sonya M\u2019Rad<\/strong><\/p>\n<p><img loading=\"lazy\" decoding=\"async\" width=\"1024\" height=\"1024\" data-wp-class--hide=\"state.isContentHidden\" data-wp-class--show=\"state.isContentVisible\" data-wp-init=\"callbacks.setButtonStyles\" data-wp-on-async--click=\"actions.showLightbox\" data-wp-on-async--load=\"callbacks.setButtonStyles\" data-wp-on-async-window--resize=\"callbacks.setButtonStyles\" src=\"https:\/\/www.europesays.com\/se\/wp-content\/uploads\/2025\/12\/Annelie-Popovic-Tensta-5-1024x1024.jpeg\" alt=\"\" class=\"wp-image-131974\"  \/><\/p>\n<p>\t\tTensta g\u00e5r mot ljusare tider. Bild: Annelie Popovic\n<\/p>\n<p>                    <a href=\"#\" rel=\"nofollow\" onclick=\"window.print(); return false;\" title=\"Printer Friendly, PDF &amp; Email\"><br \/>\n                    <img decoding=\"async\" class=\"pf-button-img\" src=\"https:\/\/www.europesays.com\/se\/wp-content\/uploads\/2025\/08\/printfriendly-pdf-button-nobg-md.png\" alt=\"Print Friendly, PDF &amp; Email\" style=\"width: 124px;height: 30px;\"\/><br \/>\n                    <\/a><\/p>\n","protected":false},"excerpt":{"rendered":"N\u00e4r jag passerar den gamla byggnaden som en g\u00e5ng rymde Tenstagymnasiet sl\u00e5s jag av hur mycket en plats&hellip;\n","protected":false},"author":2,"featured_media":99453,"comment_status":"","ping_status":"","sticky":false,"template":"","format":"standard","meta":{"footnotes":""},"categories":[67],"tags":[104,11484,11485,1429,11478,34,4119,31,33,32,30,11486,1432,105,11487],"class_list":{"0":"post-99452","1":"post","2":"type-post","3":"status-publish","4":"format-standard","5":"has-post-thumbnail","7":"category-underhallning","8":"tag-entertainment","9":"tag-forebild","10":"tag-forskolor","11":"tag-jarva","12":"tag-nobel-week-lights","13":"tag-se","14":"tag-sodermalm","15":"tag-svenska","16":"tag-sverige","17":"tag-sweden","18":"tag-swedish","19":"tag-tensta-traff","20":"tag-topp","21":"tag-underhallning","22":"tag-vetenskapens-hus"},"share_on_mastodon":{"url":"https:\/\/pubeurope.com\/@se\/115679425033072294","error":""},"_links":{"self":[{"href":"https:\/\/www.europesays.com\/se\/wp-json\/wp\/v2\/posts\/99452","targetHints":{"allow":["GET"]}}],"collection":[{"href":"https:\/\/www.europesays.com\/se\/wp-json\/wp\/v2\/posts"}],"about":[{"href":"https:\/\/www.europesays.com\/se\/wp-json\/wp\/v2\/types\/post"}],"author":[{"embeddable":true,"href":"https:\/\/www.europesays.com\/se\/wp-json\/wp\/v2\/users\/2"}],"replies":[{"embeddable":true,"href":"https:\/\/www.europesays.com\/se\/wp-json\/wp\/v2\/comments?post=99452"}],"version-history":[{"count":0,"href":"https:\/\/www.europesays.com\/se\/wp-json\/wp\/v2\/posts\/99452\/revisions"}],"wp:featuredmedia":[{"embeddable":true,"href":"https:\/\/www.europesays.com\/se\/wp-json\/wp\/v2\/media\/99453"}],"wp:attachment":[{"href":"https:\/\/www.europesays.com\/se\/wp-json\/wp\/v2\/media?parent=99452"}],"wp:term":[{"taxonomy":"category","embeddable":true,"href":"https:\/\/www.europesays.com\/se\/wp-json\/wp\/v2\/categories?post=99452"},{"taxonomy":"post_tag","embeddable":true,"href":"https:\/\/www.europesays.com\/se\/wp-json\/wp\/v2\/tags?post=99452"}],"curies":[{"name":"wp","href":"https:\/\/api.w.org\/{rel}","templated":true}]}}