{"id":99468,"date":"2025-12-07T17:41:25","date_gmt":"2025-12-07T17:41:25","guid":{"rendered":"https:\/\/www.europesays.com\/se\/99468\/"},"modified":"2025-12-07T17:41:25","modified_gmt":"2025-12-07T17:41:25","slug":"mohamed-salah-tar-farval-pa-ett-fruktansvart-ovardigt-satt","status":"publish","type":"post","link":"https:\/\/www.europesays.com\/se\/99468\/","title":{"rendered":"Mohamed Salah tar farv\u00e4l p\u00e5 ett fruktansv\u00e4rt ov\u00e4rdigt s\u00e4tt"},"content":{"rendered":"<p>Petter Land\u00e9n<\/p>\n<p>Publicerad 6 dec 2025 kl 22.29Uppdaterad 7 dec kl 17.46<\/p>\n<p>Det h\u00e4r var hans Ronaldomoment.\u00a0<\/p>\n<p>Mohamed Salah tar farv\u00e4l p\u00e5 ett fruktansv\u00e4rt ov\u00e4rdigt s\u00e4tt. \u00a0<\/p>\n<p><img   alt=\"\"\/><\/p>\n<p>Mohamed Salah.<\/p>\n<p>Foto: GOODWIN\/PROSPORTS\/SHUTTERSTOCK \/ SHUTTERSTOCK EDITORIAL\/IBL<\/p>\n<p>\u00d6ppna bild i helsk\u00e4rm<\/p>\n<p>Detta \u00e4r en kr\u00f6nika. Analys och st\u00e4llningstaganden \u00e4r skribentens.<\/p>\n<p><img   alt=\"\"\/>Petter Land\u00e9n<\/p>\n<p>Ni minns hur det var. VM-\u00e5r, \u00e5ldrad storstj\u00e4rna i stor Premier Leagueklubb med r\u00f6da tr\u00f6jor som ins\u00e5g att han helt enkelt inte var s\u00e5 bra som han en g\u00e5ng var. Explosiva ord om att bli f\u00f6rr\u00e5dd, att vara missf\u00f6rst\u00e5dd och att f\u00e5 betala ett pris han sannerligen inte f\u00f6rtj\u00e4nade att betala.\u00a0<\/p>\n<p>2022 var det Cristiano Ronaldo i Piers Morgans Youtubeprogram. 2026 (i alla fall n\u00e4stan) \u00e4r det <a href=\"https:\/\/www.expressen.se\/tagg\/person\/mohamed-salah\/\" class=\"\" rel=\"nofollow noopener\" target=\"_blank\">Mohamed Salahs<\/a> tur att s\u00e4ga samma sak.\u00a0<\/p>\n<p>I Ronaldos fall b\u00f6rjade allting med att han f\u00f6rs\u00f6kte tvinga igenom en flytt hela sommaren, men ins\u00e5g att ingen ville chansa p\u00e5 en 37-\u00e5ring med ett ego enbart \u00f6vertr\u00e4ffat av hans l\u00f6nekuvert. Han fick spela, men p\u00e5 1000 minuters fotboll m\u00e4ktade han endast med tre m\u00e5l. Ett mot Everton och tv\u00e5 mot Sheriff Tiraspol.\u00a0<\/p>\n<p>Klart som korvspad att Erik ten Hag hade svikit honom.\u00a0<\/p>\n<p>\u201dFolk borde lyssna p\u00e5 sanningen. Jag k\u00e4nner mig f\u00f6rr\u00e5dd och det k\u00e4nns som att folk inte vill ha mig h\u00e4r\u201d, dundrade Ronaldo, ivrigt oemotsagd av Piers Morgan.\u00a0<\/p>\n<p>Vi minns hur det slutade. Saudi kom och knackade, Ronaldo skrev p\u00e5 f\u00f6r Al-Nassr d\u00e4r han bombar in m\u00e5l i en liga s\u00e4mre rankad \u00e4n den tyska andraligan.\u00a0<\/p>\n<p>Nu \u00e4r det dags f\u00f6r Mohamed Salah att g\u00e5 i hans fotsp\u00e5r.\u00a0<\/p>\n<blockquote><p>Klart att topplocket g\u00e5r p\u00e5 Salah<\/p><\/blockquote>\n<p>Efter en bra start p\u00e5 s\u00e4songen s\u00e5 har Liverpool kollapsat och Salah med dem. Uddam\u00e5lssegrar byttes ut mot uddam\u00e5lsf\u00f6rluster och d\u00e4refter regelr\u00e4tta krossar. Mohamed Salah har sett ut som ett \u00e5ldrat sp\u00f6ke i j\u00e4mf\u00f6relse med den v\u00e4rldsspelare han varit sedan flytten till Liverpool fr\u00e5n Roma f\u00f6r \u00e5tta \u00e5r sedan.\u00a0<\/p>\n<p>De senaste tre matcherna har tr\u00e4naren Arne Slot f\u00f6rpassat den 33-\u00e5riga egyptiern till b\u00e4nken. Tre matcher som avgjorts under exakt en veckas tid.\u00a0<\/p>\n<p>Och vad betyder \u00e5tta \u00e5r n\u00e4r man tvingats spendera en vecka p\u00e5 b\u00e4nken? Klart att topplocket g\u00e5r p\u00e5 Salah.\u00a0<\/p>\n<p>Efter att ha fl\u00f6rtat med en Saudiflytt ett par \u00e5r nu (eller k\u00e4nns det bara s\u00e5? Fl\u00f6rtats har det i alla fall) s\u00e5 k\u00e4nde Salah att det var dags att g\u00f6ra slag i saken.\u00a0<\/p>\n<p>\u201dDet \u00e4r v\u00e4ldigt tydligt att n\u00e5gon vill att jag ska f\u00e5 ta hela skulden. Klubben lovade mig mycket i somras och nu har jag b\u00e4nkats tre g\u00e5nger. Jag kan inte s\u00e4ga att l\u00f6ftena har h\u00e5llits. Pl\u00f6tsligt har jag och tr\u00e4naren ingen relation, jag vet inte varf\u00f6r. F\u00f6r mig verkar det som att det \u00e4r n\u00e5gon som inte vill ha mig i klubben.\u201d<\/p>\n<p>N\u00e4stan ordagrant kopierar han Cristiano Ronaldos avskedsintervju och tackar f\u00f6r sig i Premier League.\u00a0<\/p>\n<blockquote><p>Det \u00e4r bara s\u00e5 sorgligt<\/p><\/blockquote>\n<p>F\u00f6r det \u00e4r s\u00e5 vi m\u00e5ste se p\u00e5 det h\u00e4r. Det h\u00e4r \u00e4r Mohamed Salahs farv\u00e4l till klubben som han var med och gjorde till v\u00e4rldens b\u00e4sta. Och som samtidigt gjorde honom till en av v\u00e4rldens b\u00e4sta fotbollsspelare.\u00a0<\/p>\n<p>Vidare i intervjun s\u00e4ger Salah att Brighton p\u00e5 hemmaplan n\u00e4sta vecka blir hans sista innan Afrikanska m\u00e4sterskapen och att han inte vet vad som h\u00e4nder d\u00e4refter.\u00a0<\/p>\n<p>Det tror jag nog att han g\u00f6r.\u00a0<\/p>\n<p>Lagom till \u00e5rsskiftet \u00e4r han klar f\u00f6r Al-Nassr, Al-Ittihad eller Al Hilal. De st\u00e5r redo med sedelbuntarna och Salahs ord kommer f\u00e5 Liverpool att s\u00e4lja.\u00a0<\/p>\n<p>Det kommer s\u00e4kert sluta bra f\u00f6r personen Mohamed Salah. Pengarna kommer rulla in p\u00e5 kontot och fansen i hans nya hemland kommer \u00e4lska honom.<\/p>\n<p>Det \u00e4r bara s\u00e5 sorgligt att det m\u00e5ste sluta p\u00e5 ett s\u00e5 ov\u00e4rdigt s\u00e4tt.\u00a0<\/p>\n<p>Med ett Ronaldomoment.\u00a0<\/p>\n","protected":false},"excerpt":{"rendered":"Petter Land\u00e9n Publicerad 6 dec 2025 kl 22.29Uppdaterad 7 dec kl 17.46 Det h\u00e4r var hans Ronaldomoment.\u00a0 Mohamed&hellip;\n","protected":false},"author":2,"featured_media":99469,"comment_status":"","ping_status":"","sticky":false,"template":"","format":"standard","meta":{"footnotes":""},"categories":[5],"tags":[22,23,26,27,17,21,24,25,28,29,15,16,570,18,34,305,11488,31,33,32,30,19,20],"class_list":{"0":"post-99468","1":"post","2":"type-post","3":"status-publish","4":"format-standard","5":"has-post-thumbnail","7":"category-rubriker","8":"tag-breaking-news","9":"tag-breakingnews","10":"tag-featured-news","11":"tag-featurednews","12":"tag-headlines","13":"tag-huvudnyheter","14":"tag-latest-news","15":"tag-latestnews","16":"tag-main-news","17":"tag-mainnews","18":"tag-news","19":"tag-nyheter","20":"tag-person-mohamed-salah","21":"tag-rubriker","22":"tag-se","23":"tag-sections-kronikorer","24":"tag-sections-petterlandn","25":"tag-svenska","26":"tag-sverige","27":"tag-sweden","28":"tag-swedish","29":"tag-top-stories","30":"tag-topstories"},"share_on_mastodon":{"url":"https:\/\/pubeurope.com\/@se\/115679519293220091","error":""},"_links":{"self":[{"href":"https:\/\/www.europesays.com\/se\/wp-json\/wp\/v2\/posts\/99468","targetHints":{"allow":["GET"]}}],"collection":[{"href":"https:\/\/www.europesays.com\/se\/wp-json\/wp\/v2\/posts"}],"about":[{"href":"https:\/\/www.europesays.com\/se\/wp-json\/wp\/v2\/types\/post"}],"author":[{"embeddable":true,"href":"https:\/\/www.europesays.com\/se\/wp-json\/wp\/v2\/users\/2"}],"replies":[{"embeddable":true,"href":"https:\/\/www.europesays.com\/se\/wp-json\/wp\/v2\/comments?post=99468"}],"version-history":[{"count":0,"href":"https:\/\/www.europesays.com\/se\/wp-json\/wp\/v2\/posts\/99468\/revisions"}],"wp:featuredmedia":[{"embeddable":true,"href":"https:\/\/www.europesays.com\/se\/wp-json\/wp\/v2\/media\/99469"}],"wp:attachment":[{"href":"https:\/\/www.europesays.com\/se\/wp-json\/wp\/v2\/media?parent=99468"}],"wp:term":[{"taxonomy":"category","embeddable":true,"href":"https:\/\/www.europesays.com\/se\/wp-json\/wp\/v2\/categories?post=99468"},{"taxonomy":"post_tag","embeddable":true,"href":"https:\/\/www.europesays.com\/se\/wp-json\/wp\/v2\/tags?post=99468"}],"curies":[{"name":"wp","href":"https:\/\/api.w.org\/{rel}","templated":true}]}}