{"id":99498,"date":"2025-12-07T18:18:15","date_gmt":"2025-12-07T18:18:15","guid":{"rendered":"https:\/\/www.europesays.com\/se\/99498\/"},"modified":"2025-12-07T18:18:15","modified_gmt":"2025-12-07T18:18:15","slug":"militarvagnen-blev-en-bastu-nu-oppnar-den-for-alla-gefle-dagblad","status":"publish","type":"post","link":"https:\/\/www.europesays.com\/se\/99498\/","title":{"rendered":"Milit\u00e4rvagnen blev en bastu \u2013 nu \u00f6ppnar den f\u00f6r alla \u2013 Gefle Dagblad"},"content":{"rendered":"<p>Det som skulle bli en f\u00e5gelholk blev en vagn. P\u00e5 l\u00f6rdagen var det officiell premi\u00e4r f\u00f6r den rullande bastun i Forsbacka bruk.<\/p>\n<p>Projektet handlar bland annat om att skapa mer liv i det gamla brukssamh\u00e4llet. <\/p>\n<p>\u2013 Vi vill att det ska vara levande i Forsbacka, s\u00e4ger Tommi Sorvari.<\/p>\n<p>P\u00e5 l\u00f6rdagen var det julmarknad vid Forsbacka bruk. Det var en disig och regnig historia. <\/p>\n<p>Tekniskt fel<\/p>\n<p class=\"message__text txt-ui txt-ui-2\">V\u00e4nligen f\u00f6rs\u00f6k igen senare.<\/p>\n<p>Den h\u00e4r artikeln \u00e4r bara f\u00f6r prenumeranter<\/p>\n<p class=\"txt-body txt-body-1\">Om du redan \u00e4r prenumerant: logga in!<\/p>\n","protected":false},"excerpt":{"rendered":"Det som skulle bli en f\u00e5gelholk blev en vagn. P\u00e5 l\u00f6rdagen var det officiell premi\u00e4r f\u00f6r den rullande&hellip;\n","protected":false},"author":2,"featured_media":99499,"comment_status":"","ping_status":"","sticky":false,"template":"","format":"standard","meta":{"footnotes":""},"categories":[67],"tags":[104,34,31,33,32,30,105],"class_list":{"0":"post-99498","1":"post","2":"type-post","3":"status-publish","4":"format-standard","5":"has-post-thumbnail","7":"category-underhallning","8":"tag-entertainment","9":"tag-se","10":"tag-svenska","11":"tag-sverige","12":"tag-sweden","13":"tag-swedish","14":"tag-underhallning"},"share_on_mastodon":{"url":"https:\/\/pubeurope.com\/@se\/115679664738145629","error":""},"_links":{"self":[{"href":"https:\/\/www.europesays.com\/se\/wp-json\/wp\/v2\/posts\/99498","targetHints":{"allow":["GET"]}}],"collection":[{"href":"https:\/\/www.europesays.com\/se\/wp-json\/wp\/v2\/posts"}],"about":[{"href":"https:\/\/www.europesays.com\/se\/wp-json\/wp\/v2\/types\/post"}],"author":[{"embeddable":true,"href":"https:\/\/www.europesays.com\/se\/wp-json\/wp\/v2\/users\/2"}],"replies":[{"embeddable":true,"href":"https:\/\/www.europesays.com\/se\/wp-json\/wp\/v2\/comments?post=99498"}],"version-history":[{"count":0,"href":"https:\/\/www.europesays.com\/se\/wp-json\/wp\/v2\/posts\/99498\/revisions"}],"wp:featuredmedia":[{"embeddable":true,"href":"https:\/\/www.europesays.com\/se\/wp-json\/wp\/v2\/media\/99499"}],"wp:attachment":[{"href":"https:\/\/www.europesays.com\/se\/wp-json\/wp\/v2\/media?parent=99498"}],"wp:term":[{"taxonomy":"category","embeddable":true,"href":"https:\/\/www.europesays.com\/se\/wp-json\/wp\/v2\/categories?post=99498"},{"taxonomy":"post_tag","embeddable":true,"href":"https:\/\/www.europesays.com\/se\/wp-json\/wp\/v2\/tags?post=99498"}],"curies":[{"name":"wp","href":"https:\/\/api.w.org\/{rel}","templated":true}]}}