{"id":99500,"date":"2025-12-07T18:22:17","date_gmt":"2025-12-07T18:22:17","guid":{"rendered":"https:\/\/www.europesays.com\/se\/99500\/"},"modified":"2025-12-07T18:22:17","modified_gmt":"2025-12-07T18:22:17","slug":"kd-i-goteborg-vill-stoppa-anderssons-s-boksamtal","status":"publish","type":"post","link":"https:\/\/www.europesays.com\/se\/99500\/","title":{"rendered":"KD i G\u00f6teborg vill stoppa Anderssons (S) boksamtal"},"content":{"rendered":"<p>Kristdemokraterna i G\u00f6teborg vill att stadsbibliotekets bokning av Magdalena Andersson (S) f\u00f6r ett boksamtal ska stoppas, skriver G\u00f6teborgs-Posten.<\/p>\n<p>\u2013 Det \u00e4r en offentlig institution och det \u00e4r viktigt i en valr\u00f6relse att man h\u00e5ller sig neutral, s\u00e4ger kommunalr\u00e5det Dan-Ove Marcelind (KD) till SVT. <\/p>\n<p>Liknande bokningar av samtal kring S-ledarens nysl\u00e4ppta bok har m\u00f6tts av kritik p\u00e5 andra h\u00e5ll tidigare. Den 29 november skulle hon ha bes\u00f6kt det kommunalt \u00e4gda Malm\u00f6 Live, en bokning som st\u00e4lldes in med kort varsel efter kritik fr\u00e5n Moderaterna i Malm\u00f6. <\/p>\n","protected":false},"excerpt":{"rendered":"Kristdemokraterna i G\u00f6teborg vill att stadsbibliotekets bokning av Magdalena Andersson (S) f\u00f6r ett boksamtal ska stoppas, skriver G\u00f6teborgs-Posten.&hellip;\n","protected":false},"author":2,"featured_media":793,"comment_status":"","ping_status":"","sticky":false,"template":"","format":"standard","meta":{"footnotes":""},"categories":[12],"tags":[22,23,26,27,17,21,24,25,28,29,15,16,18,34,31,33,32,30,19,20],"class_list":{"0":"post-99500","1":"post","2":"type-post","3":"status-publish","4":"format-standard","5":"has-post-thumbnail","7":"category-sverige","8":"tag-breaking-news","9":"tag-breakingnews","10":"tag-featured-news","11":"tag-featurednews","12":"tag-headlines","13":"tag-huvudnyheter","14":"tag-latest-news","15":"tag-latestnews","16":"tag-main-news","17":"tag-mainnews","18":"tag-news","19":"tag-nyheter","20":"tag-rubriker","21":"tag-se","22":"tag-svenska","23":"tag-sverige","24":"tag-sweden","25":"tag-swedish","26":"tag-top-stories","27":"tag-topstories"},"share_on_mastodon":{"url":"https:\/\/pubeurope.com\/@se\/115679680557564599","error":""},"_links":{"self":[{"href":"https:\/\/www.europesays.com\/se\/wp-json\/wp\/v2\/posts\/99500","targetHints":{"allow":["GET"]}}],"collection":[{"href":"https:\/\/www.europesays.com\/se\/wp-json\/wp\/v2\/posts"}],"about":[{"href":"https:\/\/www.europesays.com\/se\/wp-json\/wp\/v2\/types\/post"}],"author":[{"embeddable":true,"href":"https:\/\/www.europesays.com\/se\/wp-json\/wp\/v2\/users\/2"}],"replies":[{"embeddable":true,"href":"https:\/\/www.europesays.com\/se\/wp-json\/wp\/v2\/comments?post=99500"}],"version-history":[{"count":0,"href":"https:\/\/www.europesays.com\/se\/wp-json\/wp\/v2\/posts\/99500\/revisions"}],"wp:featuredmedia":[{"embeddable":true,"href":"https:\/\/www.europesays.com\/se\/wp-json\/wp\/v2\/media\/793"}],"wp:attachment":[{"href":"https:\/\/www.europesays.com\/se\/wp-json\/wp\/v2\/media?parent=99500"}],"wp:term":[{"taxonomy":"category","embeddable":true,"href":"https:\/\/www.europesays.com\/se\/wp-json\/wp\/v2\/categories?post=99500"},{"taxonomy":"post_tag","embeddable":true,"href":"https:\/\/www.europesays.com\/se\/wp-json\/wp\/v2\/tags?post=99500"}],"curies":[{"name":"wp","href":"https:\/\/api.w.org\/{rel}","templated":true}]}}