{"id":99507,"date":"2025-12-07T18:31:07","date_gmt":"2025-12-07T18:31:07","guid":{"rendered":"https:\/\/www.europesays.com\/se\/99507\/"},"modified":"2025-12-07T18:31:07","modified_gmt":"2025-12-07T18:31:07","slug":"musikhjalpen-2025-sven-ingvars-musik-mest-onskad-pressinformation","status":"publish","type":"post","link":"https:\/\/www.europesays.com\/se\/99507\/","title":{"rendered":"Musikhj\u00e4lpen 2025: Sven-Ingvars musik mest \u00f6nskad &#8211; Pressinformation"},"content":{"rendered":"<p>\u2013 V\u00e4rmland har levererat en magisk vecka, och d\u00e4rf\u00f6r \u00e4r det inga konstigheter att det \u00e4r \u201dTorparrock\u201d med Sven-Ingvars som tronar som etta! s\u00e4ger <strong>Mari Hesthammer<\/strong>, musikredakt\u00f6r p\u00e5 Musikhj\u00e4lpen.<\/p>\n<p>\u2013 Extra kul i \u00e5r \u00e4r att KPop-fenomenet Demonj\u00e4garna dyker upp som nykomlingar. Dessutom lyckas Morgonpasset alltid engagera v\u00e5ra lyssnare och l\u00e5t\u00f6nskare med de mest ov\u00e4ntade l\u00e5tarna. I \u00e5r \u00e4r det Bosson med \u201dOne in A Million\u201d som f\u00f6r f\u00f6rsta g\u00e5ngen tar sig in p\u00e5 topplistan, s\u00e4ger <strong>Mari Hesthammer<\/strong>.<\/p>\n<p>I \u00e5r har \u00f6ver 70 000 l\u00e5t\u00f6nskningar kommit in.<\/p>\n<p><strong>De fem\u00a0mest\u00a0\u00f6nskade l\u00e5tarna i Musikhj\u00e4lpen 2025:<\/strong><\/p>\n<p>1. Torparrock \u2013 Sven-Ingvars <br \/>2. H\u00e5\u00e5 Vee \u2013 HV71 <br \/>3. One in A Million \u2013 Bosson<br \/>4. Hey Ho \u2013 Freddy Kalas<br \/>5. Golden \u2013 HUNTR\/X<\/p>\n<p><strong>De fem\u00a0mest\u00a0\u00f6nskade artisterna i Musikhj\u00e4lpen 2025:<\/strong><\/p>\n<p>1. Sven-Ingvars\u00a0<br \/>2. HV71<br \/>3. KPop Demon Hunters Cast<br \/>4. Taylor Swift<br \/>5. Kent<\/p>\n<p><a class=\"external-link\" rel=\"noreferrer noopener nofollow\" target=\"_blank\" href=\"https:\/\/portal.bildbank.se\/p\/sverigesradio-musikhjalpen\"><br \/>Pressbilder fr\u00e5n Musikhj\u00e4lpen-veckan<\/a> (vid anv\u00e4ndning, ange fotografens namn)<\/p>\n<p>F\u00f6r mer information, v\u00e4nligen kontakta:<\/p>\n<p>Eva Sahlin, pressansvarig<a target=\"_blank\" rel=\"noopener noreferrer nofollow\" href=\"https:\/\/www.sverigesradio.se\/artikel\/mailto:pressansvarig\ufffceva.sahlin@sverigesradio.se\"><br \/>eva.sahlin@sverigesradio.se<\/a><br \/>070-684 18 52<\/p>\n<p>\u00a0<\/p>\n","protected":false},"excerpt":{"rendered":"\u2013 V\u00e4rmland har levererat en magisk vecka, och d\u00e4rf\u00f6r \u00e4r det inga konstigheter att det \u00e4r \u201dTorparrock\u201d med&hellip;\n","protected":false},"author":2,"featured_media":99508,"comment_status":"","ping_status":"","sticky":false,"template":"","format":"standard","meta":{"footnotes":""},"categories":[5],"tags":[22,23,26,27,17,21,24,25,28,29,15,16,1183,1184,1181,1180,18,34,1182,31,33,32,30,19,20],"class_list":{"0":"post-99507","1":"post","2":"type-post","3":"status-publish","4":"format-standard","5":"has-post-thumbnail","7":"category-rubriker","8":"tag-breaking-news","9":"tag-breakingnews","10":"tag-featured-news","11":"tag-featurednews","12":"tag-headlines","13":"tag-huvudnyheter","14":"tag-latest-news","15":"tag-latestnews","16":"tag-main-news","17":"tag-mainnews","18":"tag-news","19":"tag-nyheter","20":"tag-press-sr","21":"tag-pressinfo-sr","22":"tag-pressinformation-sr","23":"tag-presstjnsten-sveriges-radio","24":"tag-rubriker","25":"tag-se","26":"tag-sr-press","27":"tag-svenska","28":"tag-sverige","29":"tag-sweden","30":"tag-swedish","31":"tag-top-stories","32":"tag-topstories"},"share_on_mastodon":{"url":"https:\/\/pubeurope.com\/@se\/115679715837618109","error":""},"_links":{"self":[{"href":"https:\/\/www.europesays.com\/se\/wp-json\/wp\/v2\/posts\/99507","targetHints":{"allow":["GET"]}}],"collection":[{"href":"https:\/\/www.europesays.com\/se\/wp-json\/wp\/v2\/posts"}],"about":[{"href":"https:\/\/www.europesays.com\/se\/wp-json\/wp\/v2\/types\/post"}],"author":[{"embeddable":true,"href":"https:\/\/www.europesays.com\/se\/wp-json\/wp\/v2\/users\/2"}],"replies":[{"embeddable":true,"href":"https:\/\/www.europesays.com\/se\/wp-json\/wp\/v2\/comments?post=99507"}],"version-history":[{"count":0,"href":"https:\/\/www.europesays.com\/se\/wp-json\/wp\/v2\/posts\/99507\/revisions"}],"wp:featuredmedia":[{"embeddable":true,"href":"https:\/\/www.europesays.com\/se\/wp-json\/wp\/v2\/media\/99508"}],"wp:attachment":[{"href":"https:\/\/www.europesays.com\/se\/wp-json\/wp\/v2\/media?parent=99507"}],"wp:term":[{"taxonomy":"category","embeddable":true,"href":"https:\/\/www.europesays.com\/se\/wp-json\/wp\/v2\/categories?post=99507"},{"taxonomy":"post_tag","embeddable":true,"href":"https:\/\/www.europesays.com\/se\/wp-json\/wp\/v2\/tags?post=99507"}],"curies":[{"name":"wp","href":"https:\/\/api.w.org\/{rel}","templated":true}]}}