{"id":99509,"date":"2025-12-07T18:33:11","date_gmt":"2025-12-07T18:33:11","guid":{"rendered":"https:\/\/www.europesays.com\/se\/99509\/"},"modified":"2025-12-07T18:33:11","modified_gmt":"2025-12-07T18:33:11","slug":"pallplats-for-sebastian-samuelsson-i-ostersund","status":"publish","type":"post","link":"https:\/\/www.europesays.com\/se\/99509\/","title":{"rendered":"Pallplats f\u00f6r Sebastian Samuelsson i \u00d6stersund"},"content":{"rendered":"<p>Publicerad 7 dec 2025 kl 15.50Uppdaterad kl 17.56<\/p>\n<p>Succ\u00e9 f\u00f6r Sebastian Samuelsson.\u00a0<\/p>\n<p>I herrarnas jaktstart tog han en pallplats \u2013 efter en rysaravslutning.\u00a0<\/p>\n<p>\u2013 Jag \u00e4r tacksam att Botn drog, s\u00e4ger Samuelsson. \u00a0<\/p>\n<p>Se senaste sportklippen fr\u00e5n Expressen<img   alt=\"\"\/><\/p>\n<p>Sebastian Samuelsson knep en pallplats i jaktstarten.<\/p>\n<p>Foto: MATHIAS BERGELD \/ BILDBYR\u00c5N<\/p>\n<p>\u00d6ppna bild i helsk\u00e4rm<img loading=\"lazy\"   alt=\"\"\/> <\/p>\n<p>Foto: Bj\u00f6rn Larsson Rosvall\/TT \/ TT NYHETSBYR\u00c5N<\/p>\n<p>\u00d6ppna bild i helsk\u00e4rm<img loading=\"lazy\"   alt=\"\"\/> <\/p>\n<p>Foto: Bj\u00f6rn Larsson Rosvall\/TT \/ TT NYHETSBYR\u00c5N<\/p>\n<p>\u00d6ppna bild i helsk\u00e4rm<img loading=\"lazy\"   alt=\"\"\/> <\/p>\n<p>Foto: MATHIAS BERGELD \/ BILDBYR\u00c5N<\/p>\n<p>\u00d6ppna bild i helsk\u00e4rm<\/p>\n<p>Allt avgjordes p\u00e5 sista skyttet d\u00e4r <a href=\"https:\/\/www.expressen.se\/tagg\/person\/sebastian-samuelsson\/\" class=\"\" rel=\"nofollow noopener\" target=\"_blank\">Sebastian Samuelsson<\/a> gick in som tv\u00e5a i rygg p\u00e5 succ\u00e9mannen Johan-Olav Botn.\u00a0<\/p>\n<p>D\u00e5 sk\u00f6t b\u00e5da en bom, men det gjorde en hel dr\u00f6s \u00e5kare bakom ocks\u00e5.\u00a0<\/p>\n<p>Den enda som sk\u00f6t fullt var fransmannen Quentin Fillon Maillet \u2013 som vann klart.\u00a0<\/p>\n<p>\u2013 Det var v\u00e4ldigt kul, det k\u00e4ndes bra i sp\u00e5ret och taktiskt sett ett bra lopp genom hela, jag k\u00e4nde mig trygg, s\u00e4ger han. \u00a0\u00a0<\/p>\n<p>Spurtade ner norrmannen<\/p>\n<p>Samuelsson och Botn hade n\u00e5gra sekunder ner till \u00f6vriga p\u00e5 spurtvarvet och kunde h\u00e5lla undan f\u00f6r \u00f6vriga pallplatser. Men mellan svensken och norrmannen blev en rafflande duell.\u00a0<\/p>\n<p>Botn drog hela varvet, men Samuelsson klev om i r\u00e4tt l\u00e4ge, spurtade ner rivalen och knep andraplatsen.\u00a0<\/p>\n<p>\u2013 Ja, det var j\u00e4ttetacksamt f\u00f6r mig att han drog. Jag m\u00e4rkte att han t\u00e4nkte k\u00f6ra hela runan runt och det var j\u00e4ttebra f\u00f6r jag hade kunnat spurta mot honom bakom men det var sk\u00f6nt att slippa. Han tog till s\u00e5 att vi inte beh\u00f6vde det.\u00a0<\/p>\n<p><strong>Hur sk\u00f6nt \u00e4r det att l\u00e4gga in spurten och sen f\u00f6rst\u00e5 att han inte kan svara?<\/strong><\/p>\n<p>\u2013 Jag t\u00e4nkte prova d\u00e4r och var inte alls s\u00e4ker p\u00e5 hur jag skulle hinna om men jag m\u00e4rkte ganska snabbt att det svarade bra. Jag hade bra koll p\u00e5 den.\u00a0<\/p>\n<p>K\u00f6rde upp sig<\/p>\n<p>Botn, som vunnit tv\u00e5 lopp och slutat tre i ett, var inte helt n\u00f6jd efter\u00e5t.\u00a0<\/p>\n<p>\u2013 Jag \u00e4r lite missn\u00f6jd \u00f6ver min egen insats. Jag k\u00e4nner att jag har gjorde allt bra halvv\u00e4gs. Det \u00e4r det som \u00e4r surt. Jag har haft v\u00e4ldigt bra fokus och v\u00e4ldigt bra mindset de tv\u00e5 f\u00f6rsta t\u00e4vlingarna, men missar det i dag.. Det \u00e4r det som \u00e4r surt.\u00a0<\/p>\n<p><strong>Hur upplever du sista varvet?<\/strong><\/p>\n<p>\u2013 Det \u00e4r en ganska enkel v\u00e4rdering. Jag har f\u00f6rlorat alla spurter jag hamnat i, s\u00e5 jag f\u00f6rs\u00f6kte bara g\u00e5 ifr\u00e5n.<\/p>\n<p>Om spurt \u00e4r n\u00e5got han ska tr\u00e4na p\u00e5 fram\u00e5t? Knappast.\u00a0<\/p>\n<p>\u2013\u00a0Nej, det \u00e4r ingen mening att tr\u00e4na p\u00e5 n\u00e5got man inte blir bra p\u00e5 i. Jag kommer aldrig att vinna en spurt oavsett hur mycket jag tr\u00e4nar. D\u00e5 kan jag hellre fokusera p\u00e5 andra saker.\u00a0<\/p>\n<p>S\u00e5 gick det f\u00f6r svenskarna<\/p>\n<p>2) Sebastian Samuelsson\u00a0<\/p>\n<p>12) Martin Ponsiluoma<\/p>\n<p>15) Malte Stefansson\u00a0<\/p>\n<p>25) Viktor Brandt\u00a0<\/p>\n<p>42) Jesper Nelin\u00a0<\/p>\n<p>51) Melker Nordgren<\/p>\n<p>Visa mer<\/p>\n","protected":false},"excerpt":{"rendered":"Publicerad 7 dec 2025 kl 15.50Uppdaterad kl 17.56 Succ\u00e9 f\u00f6r Sebastian Samuelsson.\u00a0 I herrarnas jaktstart tog han en&hellip;\n","protected":false},"author":2,"featured_media":99510,"comment_status":"","ping_status":"","sticky":false,"template":"","format":"standard","meta":{"footnotes":""},"categories":[68],"tags":[5872,34,945,111,110,31,33,32,30],"class_list":{"0":"post-99509","1":"post","2":"type-post","3":"status-publish","4":"format-standard","5":"has-post-thumbnail","7":"category-sport","8":"tag-person-sebastian-samuelsson","9":"tag-se","10":"tag-sections-skidskytte","11":"tag-sport","12":"tag-sports","13":"tag-svenska","14":"tag-sverige","15":"tag-sweden","16":"tag-swedish"},"share_on_mastodon":{"url":"https:\/\/pubeurope.com\/@se\/115679723806397657","error":""},"_links":{"self":[{"href":"https:\/\/www.europesays.com\/se\/wp-json\/wp\/v2\/posts\/99509","targetHints":{"allow":["GET"]}}],"collection":[{"href":"https:\/\/www.europesays.com\/se\/wp-json\/wp\/v2\/posts"}],"about":[{"href":"https:\/\/www.europesays.com\/se\/wp-json\/wp\/v2\/types\/post"}],"author":[{"embeddable":true,"href":"https:\/\/www.europesays.com\/se\/wp-json\/wp\/v2\/users\/2"}],"replies":[{"embeddable":true,"href":"https:\/\/www.europesays.com\/se\/wp-json\/wp\/v2\/comments?post=99509"}],"version-history":[{"count":0,"href":"https:\/\/www.europesays.com\/se\/wp-json\/wp\/v2\/posts\/99509\/revisions"}],"wp:featuredmedia":[{"embeddable":true,"href":"https:\/\/www.europesays.com\/se\/wp-json\/wp\/v2\/media\/99510"}],"wp:attachment":[{"href":"https:\/\/www.europesays.com\/se\/wp-json\/wp\/v2\/media?parent=99509"}],"wp:term":[{"taxonomy":"category","embeddable":true,"href":"https:\/\/www.europesays.com\/se\/wp-json\/wp\/v2\/categories?post=99509"},{"taxonomy":"post_tag","embeddable":true,"href":"https:\/\/www.europesays.com\/se\/wp-json\/wp\/v2\/tags?post=99509"}],"curies":[{"name":"wp","href":"https:\/\/api.w.org\/{rel}","templated":true}]}}