{"id":99527,"date":"2025-12-07T18:56:08","date_gmt":"2025-12-07T18:56:08","guid":{"rendered":"https:\/\/www.europesays.com\/se\/99527\/"},"modified":"2025-12-07T18:56:08","modified_gmt":"2025-12-07T18:56:08","slug":"andelen-utlandsfodda-i-svenska-valfarden-okar","status":"publish","type":"post","link":"https:\/\/www.europesays.com\/se\/99527\/","title":{"rendered":"Andelen utlandsf\u00f6dda i svenska v\u00e4lf\u00e4rden \u00f6kar"},"content":{"rendered":"<p>En allt st\u00f6rre andel av Sveriges kommunalt och regionalt anst\u00e4llda \u00e4r utrikesf\u00f6dda, skriver TT baserat p\u00e5 siffror fr\u00e5n Sveriges Kommuner och Regioner, SKR. <\/p>\n<p>Det handlar om n\u00e4ra 300\u202f000 personer och andelen i kommunerna \u00f6kade fr\u00e5n 13 till 22 procent mellan 2014 och 2024. I regionerna har andelen \u00f6kat fr\u00e5n 14 till 22 procent. <\/p>\n<p>Ser man till olika yrkesgrupper \u00e4r siffran 53 procent bland v\u00e5rdbitr\u00e4den och 46 procent bland tandl\u00e4kare. 37 procent av Sveriges undersk\u00f6terskor samt speciall\u00e4kare \u00e4r f\u00f6dda i ett annat land \u00e4n Sverige. <\/p>\n<p>Omni \u00e4r politiskt obundna och oberoende. Vi str\u00e4var efter att ge fler perspektiv p\u00e5 nyheterna. Har du fr\u00e5gor eller synpunkter kring v\u00e5r rapportering? <a href=\"https:\/\/omni.se\/andelen-utlandsfodda-i-svenska-valfarden-okar\/a\/mailto:redaktion@omni.se\" class=\"ArticleActions_contactLink__W2F1M\" rel=\"nofollow noopener\" target=\"_blank\">Kontakta redaktionen<\/a><\/p>\n","protected":false},"excerpt":{"rendered":"En allt st\u00f6rre andel av Sveriges kommunalt och regionalt anst\u00e4llda \u00e4r utrikesf\u00f6dda, skriver TT baserat p\u00e5 siffror fr\u00e5n&hellip;\n","protected":false},"author":2,"featured_media":99528,"comment_status":"","ping_status":"","sticky":false,"template":"","format":"standard","meta":{"footnotes":""},"categories":[5],"tags":[720,22,23,26,27,17,21,24,25,28,29,15,16,18,34,10768,31,33,10769,32,30,19,20,6695,330],"class_list":{"0":"post-99527","1":"post","2":"type-post","3":"status-publish","4":"format-standard","5":"has-post-thumbnail","7":"category-rubriker","8":"tag-arbetsmarknad","9":"tag-breaking-news","10":"tag-breakingnews","11":"tag-featured-news","12":"tag-featurednews","13":"tag-headlines","14":"tag-huvudnyheter","15":"tag-latest-news","16":"tag-latestnews","17":"tag-main-news","18":"tag-mainnews","19":"tag-news","20":"tag-nyheter","21":"tag-rubriker","22":"tag-se","23":"tag-skr","24":"tag-svenska","25":"tag-sverige","26":"tag-sveriges-kommuner-och-regioner","27":"tag-sweden","28":"tag-swedish","29":"tag-top-stories","30":"tag-topstories","31":"tag-valfard","32":"tag-vard-omsorg"},"share_on_mastodon":{"url":"https:\/\/pubeurope.com\/@se\/115679814153074032","error":""},"_links":{"self":[{"href":"https:\/\/www.europesays.com\/se\/wp-json\/wp\/v2\/posts\/99527","targetHints":{"allow":["GET"]}}],"collection":[{"href":"https:\/\/www.europesays.com\/se\/wp-json\/wp\/v2\/posts"}],"about":[{"href":"https:\/\/www.europesays.com\/se\/wp-json\/wp\/v2\/types\/post"}],"author":[{"embeddable":true,"href":"https:\/\/www.europesays.com\/se\/wp-json\/wp\/v2\/users\/2"}],"replies":[{"embeddable":true,"href":"https:\/\/www.europesays.com\/se\/wp-json\/wp\/v2\/comments?post=99527"}],"version-history":[{"count":0,"href":"https:\/\/www.europesays.com\/se\/wp-json\/wp\/v2\/posts\/99527\/revisions"}],"wp:featuredmedia":[{"embeddable":true,"href":"https:\/\/www.europesays.com\/se\/wp-json\/wp\/v2\/media\/99528"}],"wp:attachment":[{"href":"https:\/\/www.europesays.com\/se\/wp-json\/wp\/v2\/media?parent=99527"}],"wp:term":[{"taxonomy":"category","embeddable":true,"href":"https:\/\/www.europesays.com\/se\/wp-json\/wp\/v2\/categories?post=99527"},{"taxonomy":"post_tag","embeddable":true,"href":"https:\/\/www.europesays.com\/se\/wp-json\/wp\/v2\/tags?post=99527"}],"curies":[{"name":"wp","href":"https:\/\/api.w.org\/{rel}","templated":true}]}}